{"id":4471,"date":"2012-09-03T09:54:59","date_gmt":"2012-09-03T07:54:59","guid":{"rendered":"http:\/\/blogg.improveme.se\/emeliemattsson\/?p=4471"},"modified":"2012-09-03T09:54:59","modified_gmt":"2012-09-03T07:54:59","slug":"morgonpass","status":"publish","type":"post","link":"https:\/\/blogg.improveme.se\/emeliemattsson\/2012\/09\/03\/morgonpass\/","title":{"rendered":"Morgonpass."},"content":{"rendered":"<p>Jag \u00e4lskar att tr\u00e4na p\u00e5 morgonen. Det \u00e4r d\u00e5 mina pass \u00e4r som b\u00e4st. Total fokus, tomt i gymmet och alla vikter f\u00f6r mig sj\u00e4lv:)<\/p>\n<p><a href=\"http:\/\/blogg.improveme.se\/emeliemattsson\/files\/2012\/09\/bild-2.jpg\"><img loading=\"lazy\" decoding=\"async\" class=\"alignnone size-full wp-image-4472\" title=\"bild-2\" src=\"http:\/\/blogg.improveme.se\/emeliemattsson\/files\/2012\/09\/bild-2.jpg\" alt=\"\" width=\"480\" height=\"640\" srcset=\"https:\/\/blogg.improveme.se\/emeliemattsson\/files\/2012\/09\/bild-2.jpg 480w, https:\/\/blogg.improveme.se\/emeliemattsson\/files\/2012\/09\/bild-2-225x300.jpg 225w\" sizes=\"auto, (max-width: 480px) 100vw, 480px\" \/><\/a><\/p>\n<p><a href=\"http:\/\/blogg.improveme.se\/emeliemattsson\/files\/2012\/09\/bild-1.jpg\"><img loading=\"lazy\" decoding=\"async\" class=\"alignnone size-full wp-image-4473\" title=\"bild-1\" src=\"http:\/\/blogg.improveme.se\/emeliemattsson\/files\/2012\/09\/bild-1.jpg\" alt=\"\" width=\"640\" height=\"640\" srcset=\"https:\/\/blogg.improveme.se\/emeliemattsson\/files\/2012\/09\/bild-1.jpg 640w, https:\/\/blogg.improveme.se\/emeliemattsson\/files\/2012\/09\/bild-1-150x150.jpg 150w, https:\/\/blogg.improveme.se\/emeliemattsson\/files\/2012\/09\/bild-1-300x300.jpg 300w\" sizes=\"auto, (max-width: 640px) 100vw, 640px\" \/><\/a><\/p>\n<p>Rygg och br\u00f6st idag. Riktigt sk\u00f6nt! Nu blir det jobb p\u00e5 fm och sen ska jag ut till butiken och fixaaaa liteee:)<\/p>\n","protected":false},"excerpt":{"rendered":"<p>Jag \u00e4lskar att tr\u00e4na p\u00e5 morgonen. Det \u00e4r d\u00e5 mina pass \u00e4r som b\u00e4st. Total fokus, tomt i gymmet och alla vikter f\u00f6r mig sj\u00e4lv:) Rygg och br\u00f6st idag. Riktigt sk\u00f6nt! Nu blir det jobb p\u00e5 fm och sen ska jag ut till butiken och fixaaaa liteee:)<\/p>\n","protected":false},"author":1715,"featured_media":0,"comment_status":"open","ping_status":"open","sticky":false,"template":"","format":"standard","meta":{"footnotes":""},"categories":[1],"tags":[],"class_list":["post-4471","post","type-post","status-publish","format-standard","hentry","category-gamlainlagg"],"_links":{"self":[{"href":"https:\/\/blogg.improveme.se\/emeliemattsson\/wp-json\/wp\/v2\/posts\/4471","targetHints":{"allow":["GET"]}}],"collection":[{"href":"https:\/\/blogg.improveme.se\/emeliemattsson\/wp-json\/wp\/v2\/posts"}],"about":[{"href":"https:\/\/blogg.improveme.se\/emeliemattsson\/wp-json\/wp\/v2\/types\/post"}],"author":[{"embeddable":true,"href":"https:\/\/blogg.improveme.se\/emeliemattsson\/wp-json\/wp\/v2\/users\/1715"}],"replies":[{"embeddable":true,"href":"https:\/\/blogg.improveme.se\/emeliemattsson\/wp-json\/wp\/v2\/comments?post=4471"}],"version-history":[{"count":0,"href":"https:\/\/blogg.improveme.se\/emeliemattsson\/wp-json\/wp\/v2\/posts\/4471\/revisions"}],"wp:attachment":[{"href":"https:\/\/blogg.improveme.se\/emeliemattsson\/wp-json\/wp\/v2\/media?parent=4471"}],"wp:term":[{"taxonomy":"category","embeddable":true,"href":"https:\/\/blogg.improveme.se\/emeliemattsson\/wp-json\/wp\/v2\/categories?post=4471"},{"taxonomy":"post_tag","embeddable":true,"href":"https:\/\/blogg.improveme.se\/emeliemattsson\/wp-json\/wp\/v2\/tags?post=4471"}],"curies":[{"name":"wp","href":"https:\/\/api.w.org\/{rel}","templated":true}]}}