{"id":4497,"date":"2012-09-06T11:46:10","date_gmt":"2012-09-06T09:46:10","guid":{"rendered":"http:\/\/blogg.improveme.se\/emeliemattsson\/?p=4497"},"modified":"2012-09-06T11:46:10","modified_gmt":"2012-09-06T09:46:10","slug":"behandling","status":"publish","type":"post","link":"https:\/\/blogg.improveme.se\/emeliemattsson\/2012\/09\/06\/behandling\/","title":{"rendered":"Behandling"},"content":{"rendered":"<p>Har varit hos kiropraktorn h\u00e4r till morgonen. \u00c4r egentligen lite emot att g\u00e5 och r\u00e4tta till l\u00e5sningar osv utan att hitta det riktiga problemet till obalansen. Det \u00e4r ju alltid en grund till varf\u00f6r saker och ting h\u00e4nder i kroppen. Har nu hittat en man som \u00e4r suver\u00e4n och som jag hoppas kan hj\u00e4lpa mig med min rygg och nacke. Det visade sig inte alls ha med h\u00f6ft,rygg eller nacke att g\u00f6ra utan problem tros ligga i min v\u00e4nsta fot. \ud83d\ude42 Sp\u00e4nnande att se om han kan hj\u00e4lpa mig:)<\/p>\n<p>Ska jobba lite p\u00e5 balance nu och sen ska jag ut till butiken. Det h\u00e5ller p\u00e5 att m\u00e5las och hyllor ska upp osv. S\u00e5 kul:)<\/p>\n<p>&nbsp;<\/p>\n","protected":false},"excerpt":{"rendered":"<p>Har varit hos kiropraktorn h\u00e4r till morgonen. \u00c4r egentligen lite emot att g\u00e5 och r\u00e4tta till l\u00e5sningar osv utan att hitta det riktiga problemet till obalansen. Det \u00e4r ju alltid en grund till varf\u00f6r saker och ting h\u00e4nder i kroppen. Har nu hittat en man som \u00e4r suver\u00e4n och som jag hoppas kan hj\u00e4lpa mig &#8230; <a title=\"Behandling\" class=\"read-more\" href=\"https:\/\/blogg.improveme.se\/emeliemattsson\/2012\/09\/06\/behandling\/\" aria-label=\"L\u00e4s mer om Behandling\">L\u00e4s mer<\/a><\/p>\n","protected":false},"author":1715,"featured_media":0,"comment_status":"open","ping_status":"open","sticky":false,"template":"","format":"standard","meta":{"footnotes":""},"categories":[1],"tags":[],"class_list":["post-4497","post","type-post","status-publish","format-standard","hentry","category-gamlainlagg"],"_links":{"self":[{"href":"https:\/\/blogg.improveme.se\/emeliemattsson\/wp-json\/wp\/v2\/posts\/4497","targetHints":{"allow":["GET"]}}],"collection":[{"href":"https:\/\/blogg.improveme.se\/emeliemattsson\/wp-json\/wp\/v2\/posts"}],"about":[{"href":"https:\/\/blogg.improveme.se\/emeliemattsson\/wp-json\/wp\/v2\/types\/post"}],"author":[{"embeddable":true,"href":"https:\/\/blogg.improveme.se\/emeliemattsson\/wp-json\/wp\/v2\/users\/1715"}],"replies":[{"embeddable":true,"href":"https:\/\/blogg.improveme.se\/emeliemattsson\/wp-json\/wp\/v2\/comments?post=4497"}],"version-history":[{"count":0,"href":"https:\/\/blogg.improveme.se\/emeliemattsson\/wp-json\/wp\/v2\/posts\/4497\/revisions"}],"wp:attachment":[{"href":"https:\/\/blogg.improveme.se\/emeliemattsson\/wp-json\/wp\/v2\/media?parent=4497"}],"wp:term":[{"taxonomy":"category","embeddable":true,"href":"https:\/\/blogg.improveme.se\/emeliemattsson\/wp-json\/wp\/v2\/categories?post=4497"},{"taxonomy":"post_tag","embeddable":true,"href":"https:\/\/blogg.improveme.se\/emeliemattsson\/wp-json\/wp\/v2\/tags?post=4497"}],"curies":[{"name":"wp","href":"https:\/\/api.w.org\/{rel}","templated":true}]}}