{"id":4529,"date":"2012-09-12T12:02:30","date_gmt":"2012-09-12T10:02:30","guid":{"rendered":"http:\/\/blogg.improveme.se\/emeliemattsson\/?p=4529"},"modified":"2012-09-12T12:02:30","modified_gmt":"2012-09-12T10:02:30","slug":"finarefransar-se-2","status":"publish","type":"post","link":"https:\/\/blogg.improveme.se\/emeliemattsson\/2012\/09\/12\/finarefransar-se-2\/","title":{"rendered":"finarefransar.se"},"content":{"rendered":"<p>Jag har ju g\u00e5tt j\u00e4ttel\u00e4nge hos<strong> Jenny p\u00e5 finarefransar.se<\/strong> och fixat mina fransar. Hon f\u00f6rl\u00e4nger dem och det blir s\u00e5\u00e5 fint! Jenny h\u00e5ller till vid odenplan, p\u00e5 h\u00e4lsingegatan 10. S\u00e5h\u00e4r kan det se ut n\u00e4r det \u00e4r dags f\u00f6r p\u00e5fyllning (de blir lite glesare) och bild nummer 2 \u00e4r efter p\u00e5fyllningen. Jag spar s\u00e5 mkt tid och beh\u00f6ver aldrig mascara p\u00e5. Det b\u00e4sta jag gjort, helt klart!<\/p>\n<p>Helt utan fransar:<\/p>\n<p><a href=\"http:\/\/blogg.improveme.se\/emeliemattsson\/files\/2012\/09\/bild-77-1024x682.jpg\"><img loading=\"lazy\" decoding=\"async\" class=\"alignnone size-full wp-image-4530\" title=\"bild-77-1024x682\" src=\"http:\/\/blogg.improveme.se\/emeliemattsson\/files\/2012\/09\/bild-77-1024x682.jpg\" alt=\"\" width=\"1024\" height=\"682\" srcset=\"https:\/\/blogg.improveme.se\/emeliemattsson\/files\/2012\/09\/bild-77-1024x682.jpg 1024w, https:\/\/blogg.improveme.se\/emeliemattsson\/files\/2012\/09\/bild-77-1024x682-300x199.jpg 300w\" sizes=\"auto, (max-width: 1024px) 100vw, 1024px\" \/><\/a><\/p>\n<p>Innan p\u00e5fyllning:<\/p>\n<p><a href=\"http:\/\/blogg.improveme.se\/emeliemattsson\/files\/2012\/09\/bild-31-1024x652.jpg\"><img loading=\"lazy\" decoding=\"async\" class=\"alignnone size-full wp-image-4531\" title=\"bild-31-1024x652\" src=\"http:\/\/blogg.improveme.se\/emeliemattsson\/files\/2012\/09\/bild-31-1024x652.jpg\" alt=\"\" width=\"1024\" height=\"652\" srcset=\"https:\/\/blogg.improveme.se\/emeliemattsson\/files\/2012\/09\/bild-31-1024x652.jpg 1024w, https:\/\/blogg.improveme.se\/emeliemattsson\/files\/2012\/09\/bild-31-1024x652-300x191.jpg 300w\" sizes=\"auto, (max-width: 1024px) 100vw, 1024px\" \/><\/a><\/p>\n<p>&nbsp;<\/p>\n<p>Efterbilder:<\/p>\n<p><a href=\"http:\/\/blogg.improveme.se\/emeliemattsson\/files\/2012\/09\/Bild-2011-12-06-kl.-11.51-2.jpg\"><img loading=\"lazy\" decoding=\"async\" class=\"alignnone size-full wp-image-4532\" title=\"Bild-2011-12-06-kl.-11.51-2\" src=\"http:\/\/blogg.improveme.se\/emeliemattsson\/files\/2012\/09\/Bild-2011-12-06-kl.-11.51-2.jpg\" alt=\"\" width=\"566\" height=\"250\" srcset=\"https:\/\/blogg.improveme.se\/emeliemattsson\/files\/2012\/09\/Bild-2011-12-06-kl.-11.51-2.jpg 566w, https:\/\/blogg.improveme.se\/emeliemattsson\/files\/2012\/09\/Bild-2011-12-06-kl.-11.51-2-300x132.jpg 300w\" sizes=\"auto, (max-width: 566px) 100vw, 566px\" \/><\/a><\/p>\n<p><a href=\"http:\/\/blogg.improveme.se\/emeliemattsson\/files\/2012\/09\/bild-9-1.jpg\"><img loading=\"lazy\" decoding=\"async\" class=\"alignnone size-full wp-image-4533\" title=\"bild-9-1\" src=\"http:\/\/blogg.improveme.se\/emeliemattsson\/files\/2012\/09\/bild-9-1.jpg\" alt=\"\" width=\"639\" height=\"280\" srcset=\"https:\/\/blogg.improveme.se\/emeliemattsson\/files\/2012\/09\/bild-9-1.jpg 639w, https:\/\/blogg.improveme.se\/emeliemattsson\/files\/2012\/09\/bild-9-1-300x131.jpg 300w\" sizes=\"auto, (max-width: 639px) 100vw, 639px\" \/><\/a><\/p>\n<p>\u00c4r du intresserad att g\u00f6ra fransar hos jenny? Maila henne p\u00e5 jenny@finarefransar.se<\/p>\n<p>KRAM<\/p>\n","protected":false},"excerpt":{"rendered":"<p>Jag har ju g\u00e5tt j\u00e4ttel\u00e4nge hos Jenny p\u00e5 finarefransar.se och fixat mina fransar. Hon f\u00f6rl\u00e4nger dem och det blir s\u00e5\u00e5 fint! Jenny h\u00e5ller till vid odenplan, p\u00e5 h\u00e4lsingegatan 10. S\u00e5h\u00e4r kan det se ut n\u00e4r det \u00e4r dags f\u00f6r p\u00e5fyllning (de blir lite glesare) och bild nummer 2 \u00e4r efter p\u00e5fyllningen. Jag spar s\u00e5 mkt &#8230; <a title=\"finarefransar.se\" class=\"read-more\" href=\"https:\/\/blogg.improveme.se\/emeliemattsson\/2012\/09\/12\/finarefransar-se-2\/\" aria-label=\"L\u00e4s mer om finarefransar.se\">L\u00e4s mer<\/a><\/p>\n","protected":false},"author":1715,"featured_media":0,"comment_status":"open","ping_status":"open","sticky":false,"template":"","format":"standard","meta":{"footnotes":""},"categories":[1],"tags":[],"class_list":["post-4529","post","type-post","status-publish","format-standard","hentry","category-gamlainlagg"],"_links":{"self":[{"href":"https:\/\/blogg.improveme.se\/emeliemattsson\/wp-json\/wp\/v2\/posts\/4529","targetHints":{"allow":["GET"]}}],"collection":[{"href":"https:\/\/blogg.improveme.se\/emeliemattsson\/wp-json\/wp\/v2\/posts"}],"about":[{"href":"https:\/\/blogg.improveme.se\/emeliemattsson\/wp-json\/wp\/v2\/types\/post"}],"author":[{"embeddable":true,"href":"https:\/\/blogg.improveme.se\/emeliemattsson\/wp-json\/wp\/v2\/users\/1715"}],"replies":[{"embeddable":true,"href":"https:\/\/blogg.improveme.se\/emeliemattsson\/wp-json\/wp\/v2\/comments?post=4529"}],"version-history":[{"count":0,"href":"https:\/\/blogg.improveme.se\/emeliemattsson\/wp-json\/wp\/v2\/posts\/4529\/revisions"}],"wp:attachment":[{"href":"https:\/\/blogg.improveme.se\/emeliemattsson\/wp-json\/wp\/v2\/media?parent=4529"}],"wp:term":[{"taxonomy":"category","embeddable":true,"href":"https:\/\/blogg.improveme.se\/emeliemattsson\/wp-json\/wp\/v2\/categories?post=4529"},{"taxonomy":"post_tag","embeddable":true,"href":"https:\/\/blogg.improveme.se\/emeliemattsson\/wp-json\/wp\/v2\/tags?post=4529"}],"curies":[{"name":"wp","href":"https:\/\/api.w.org\/{rel}","templated":true}]}}