{"id":1316,"date":"2009-09-13T23:59:00","date_gmt":"2009-09-13T22:59:00","guid":{"rendered":"http:\/\/blogg.improveme.se\/gniztra\/2009\/09\/13\/forsta-kollen-pa-vma-janet\/"},"modified":"2009-09-13T23:59:00","modified_gmt":"2009-09-13T22:59:00","slug":"forsta-kollen-pa-vma-janet","status":"publish","type":"post","link":"https:\/\/blogg.improveme.se\/gniztra\/2009\/09\/13\/forsta-kollen-pa-vma-janet\/","title":{"rendered":"F\u00d6RSTA KOLLEN P\u00c5 VMA JANET"},"content":{"rendered":"<p>Fr\u00e5n perez hilton.<\/p>\n<h2><a href=\"http:\/\/perezhilton.com\/2009-09-13-your-first-look-54\" rel=\"bookmark\" title=\"Permanent Link to Your First Look!\">Your First Look!<\/a><\/h2>\n<p>\t\t\t    \t\t    <small style=\"clear: left;\">Filed under: <a href=\"http:\/\/perezhilton.com\/category\/janet-jackson\/\" title=\"View all posts in Janet Jackson\" rel=\"category tag\">Janet Jackson<\/a> &gt;  <a href=\"http:\/\/perezhilton.com\/category\/michael-jackson\/\" title=\"View all posts in Michael Jackson\" rel=\"category tag\">Michael Jackson<\/a><\/small><\/p>\n<div class=\"entry\">\n<p><img decoding=\"async\" id=\"image68638\" src=\"http:\/\/img.perezhilton.com\/wp-content\/uploads\/2009\/09\/a29545427-56ff13d1ab8bce66a__oPt.jpg\" alt=\"a29545427-56ff13d1ab8bce66a.jpg\"><\/p>\n<p>Several members of the Jackson family will <a href=\"http:\/\/perezhilton.com\/2009-09-13-they-wont-miss-a-red-carpet-theyre-invited-to\" target=\"_blank\">be in attendance<\/a> at the MTV Video Music Awards on Sunday evening.<\/p>\n<p>Above is a look at the stage and a set-up from <strong>Janet<\/strong>&#8217;s VMA opening performance.<\/p>\n<p>The tribute to <strong>Michael<\/strong> will see his sister &#8211; with a troupe of dancers &#8211; performing to <em>Scream<\/em>, <em>Smooth Criminal<\/em> and more.\n<\/p>\n<\/p><\/div>\n<p><\/p>\n","protected":false},"excerpt":{"rendered":"<p>Fr\u00e5n perez hilton. Your First Look! Filed under: Janet Jackson &gt; Michael Jackson Several members of the Jackson family will be in attendance at the MTV Video Music Awards on Sunday evening. Above is a look at the stage and a set-up from Janet&#8217;s VMA opening performance. The tribute to Michael will see his sister &#8230; <a title=\"F\u00d6RSTA KOLLEN P\u00c5 VMA JANET\" class=\"read-more\" href=\"https:\/\/blogg.improveme.se\/gniztra\/2009\/09\/13\/forsta-kollen-pa-vma-janet\/\" aria-label=\"L\u00e4s mer om F\u00d6RSTA KOLLEN P\u00c5 VMA JANET\">L\u00e4s mer<\/a><\/p>\n","protected":false},"author":1702,"featured_media":0,"comment_status":"open","ping_status":"open","sticky":false,"template":"","format":"standard","meta":{"footnotes":""},"categories":[1],"tags":[],"class_list":["post-1316","post","type-post","status-publish","format-standard","hentry","category-okategoriserad"],"_links":{"self":[{"href":"https:\/\/blogg.improveme.se\/gniztra\/wp-json\/wp\/v2\/posts\/1316","targetHints":{"allow":["GET"]}}],"collection":[{"href":"https:\/\/blogg.improveme.se\/gniztra\/wp-json\/wp\/v2\/posts"}],"about":[{"href":"https:\/\/blogg.improveme.se\/gniztra\/wp-json\/wp\/v2\/types\/post"}],"author":[{"embeddable":true,"href":"https:\/\/blogg.improveme.se\/gniztra\/wp-json\/wp\/v2\/users\/1702"}],"replies":[{"embeddable":true,"href":"https:\/\/blogg.improveme.se\/gniztra\/wp-json\/wp\/v2\/comments?post=1316"}],"version-history":[{"count":0,"href":"https:\/\/blogg.improveme.se\/gniztra\/wp-json\/wp\/v2\/posts\/1316\/revisions"}],"wp:attachment":[{"href":"https:\/\/blogg.improveme.se\/gniztra\/wp-json\/wp\/v2\/media?parent=1316"}],"wp:term":[{"taxonomy":"category","embeddable":true,"href":"https:\/\/blogg.improveme.se\/gniztra\/wp-json\/wp\/v2\/categories?post=1316"},{"taxonomy":"post_tag","embeddable":true,"href":"https:\/\/blogg.improveme.se\/gniztra\/wp-json\/wp\/v2\/tags?post=1316"}],"curies":[{"name":"wp","href":"https:\/\/api.w.org\/{rel}","templated":true}]}}