{"id":1328,"date":"2009-09-14T22:54:00","date_gmt":"2009-09-14T21:54:00","guid":{"rendered":"http:\/\/blogg.improveme.se\/gniztra\/2009\/09\/14\/snygg-i-vinter\/"},"modified":"2009-09-14T22:54:00","modified_gmt":"2009-09-14T21:54:00","slug":"snygg-i-vinter","status":"publish","type":"post","link":"https:\/\/blogg.improveme.se\/gniztra\/2009\/09\/14\/snygg-i-vinter\/","title":{"rendered":"SNYGG I VINTER:"},"content":{"rendered":"<p>FR\u00c5N TIDNINGEN LAURA:<\/p>\n<p>Me like.<\/p>\n<div id=\"F__ctl5__ctl0_OneColumn_ascx_1__ctl2_PanelContent\" class=\"BlockContent FloatContainer\">\n<div class=\"TeaserContent\">\n<h1><img decoding=\"async\" style=\"width: 396px; height: 298px;\" alt=\"\" src=\"http:\/\/www.lauramagasin.se\/772fa174-0b44-4d65-aee6-501dbece62f9.fodoc\" orgurl=\"\/772fa174-0b44-4d65-aee6-501dbece62f9.fodoc\"><\/h1>\n<h1>Varm under i vinter<\/h1>\n<p><a href=\"http:\/\/www.karitraa.com\/\" target=\"_blank\" orgurl=\"http:\/\/www.karitraa.com\/\">Kari Traa<\/a><br \/>\nhar utvecklat jacquardm\u00f6nstrade underst\u00e4ll i ull. Linjen Rose kommer i<br \/>\nmodellerna polo, rundhalsad tr\u00f6ja, hipster och tights. Materialet \u00e4r<br \/>\nmerinoull och elastan, som ger plaggen en mjuk &amp; lyxig k\u00e4nsla och<br \/>\ng\u00f6r att du k\u00e4nner dig snygg och feminin. Merinoull f\u00f6ljer kroppens egna<br \/>\ntemperaturf\u00f6r\u00e4ndringar och ser till att du h\u00e5ller dig&nbsp; varm, men inte<br \/>\nf\u00f6r varm!<\/p>\n<\/p><\/div>\n<\/p><\/div>\n<p><\/p>\n","protected":false},"excerpt":{"rendered":"<p>FR\u00c5N TIDNINGEN LAURA: Me like. Varm under i vinter Kari Traa har utvecklat jacquardm\u00f6nstrade underst\u00e4ll i ull. Linjen Rose kommer i modellerna polo, rundhalsad tr\u00f6ja, hipster och tights. Materialet \u00e4r merinoull och elastan, som ger plaggen en mjuk &amp; lyxig k\u00e4nsla och g\u00f6r att du k\u00e4nner dig snygg och feminin. Merinoull f\u00f6ljer kroppens egna temperaturf\u00f6r\u00e4ndringar &#8230; <a title=\"SNYGG I VINTER:\" class=\"read-more\" href=\"https:\/\/blogg.improveme.se\/gniztra\/2009\/09\/14\/snygg-i-vinter\/\" aria-label=\"L\u00e4s mer om SNYGG I VINTER:\">L\u00e4s mer<\/a><\/p>\n","protected":false},"author":1702,"featured_media":0,"comment_status":"open","ping_status":"open","sticky":false,"template":"","format":"standard","meta":{"footnotes":""},"categories":[1],"tags":[],"class_list":["post-1328","post","type-post","status-publish","format-standard","hentry","category-okategoriserad"],"_links":{"self":[{"href":"https:\/\/blogg.improveme.se\/gniztra\/wp-json\/wp\/v2\/posts\/1328","targetHints":{"allow":["GET"]}}],"collection":[{"href":"https:\/\/blogg.improveme.se\/gniztra\/wp-json\/wp\/v2\/posts"}],"about":[{"href":"https:\/\/blogg.improveme.se\/gniztra\/wp-json\/wp\/v2\/types\/post"}],"author":[{"embeddable":true,"href":"https:\/\/blogg.improveme.se\/gniztra\/wp-json\/wp\/v2\/users\/1702"}],"replies":[{"embeddable":true,"href":"https:\/\/blogg.improveme.se\/gniztra\/wp-json\/wp\/v2\/comments?post=1328"}],"version-history":[{"count":0,"href":"https:\/\/blogg.improveme.se\/gniztra\/wp-json\/wp\/v2\/posts\/1328\/revisions"}],"wp:attachment":[{"href":"https:\/\/blogg.improveme.se\/gniztra\/wp-json\/wp\/v2\/media?parent=1328"}],"wp:term":[{"taxonomy":"category","embeddable":true,"href":"https:\/\/blogg.improveme.se\/gniztra\/wp-json\/wp\/v2\/categories?post=1328"},{"taxonomy":"post_tag","embeddable":true,"href":"https:\/\/blogg.improveme.se\/gniztra\/wp-json\/wp\/v2\/tags?post=1328"}],"curies":[{"name":"wp","href":"https:\/\/api.w.org\/{rel}","templated":true}]}}