{"id":1608,"date":"2009-10-09T22:31:00","date_gmt":"2009-10-09T21:31:00","guid":{"rendered":"http:\/\/blogg.improveme.se\/gniztra\/2009\/10\/09\/victoria-silvstedt-onanerar\/"},"modified":"2009-10-09T22:31:00","modified_gmt":"2009-10-09T21:31:00","slug":"victoria-silvstedt-onanerar","status":"publish","type":"post","link":"https:\/\/blogg.improveme.se\/gniztra\/2009\/10\/09\/victoria-silvstedt-onanerar\/","title":{"rendered":"VICTORIA SILVSTEDT ONANERAR.."},"content":{"rendered":"<p>Gu va jag sk\u00e4ms f\u00f6r vara svensk..n\u00e4r man ser Victoria &#8221;bimbo kan inte tala ren svenska&#8221;Silvstedt..p\u00e5 stranden..<br \/>Hon ligger och onanerar mitt p\u00e5 stranden..<br \/>Allt f\u00f6r f\u00e5 uppm\u00e4rksamhet..<br \/>Kan hon inte f\u00e5 det p\u00e5 annat s\u00e4tt??<br \/>Men hon kommer v\u00e4l bortf\u00f6rklara det sen med att det var n\u00e5n som mixat med foto eller n\u00e5tt..<br \/>Detta \u00e4r bara en del av fotona..<\/p>\n<p><\/p>\n<p><a href=\"http:\/\/s.improveme.se\/data\/filearchive\/60641.0x0.jpg\" target=\"_BLANK\"><img decoding=\"async\" src=\"http:\/\/s.improveme.se\/data\/filearchive\/60641.510x0.jpg\" border=\"0\"><\/a><\/p>\n<p><\/p>\n<p><a href=\"http:\/\/s.improveme.se\/data\/filearchive\/60642.0x0.jpg\" target=\"_BLANK\"><img decoding=\"async\" src=\"http:\/\/s.improveme.se\/data\/filearchive\/60642.510x0.jpg\" border=\"0\"><\/a><\/p>\n<p><\/p>\n<p><a href=\"http:\/\/s.improveme.se\/data\/filearchive\/60643.0x0.jpg\" target=\"_BLANK\"><img decoding=\"async\" src=\"http:\/\/s.improveme.se\/data\/filearchive\/60643.510x0.jpg\" border=\"0\"><\/a><\/p>\n<p><\/p>\n<p><a href=\"http:\/\/s.improveme.se\/data\/filearchive\/60644.0x0.jpg\" target=\"_BLANK\"><img decoding=\"async\" src=\"http:\/\/s.improveme.se\/data\/filearchive\/60644.510x0.jpg\" border=\"0\"><\/a><\/p>\n","protected":false},"excerpt":{"rendered":"<p>Gu va jag sk\u00e4ms f\u00f6r vara svensk..n\u00e4r man ser Victoria &#8221;bimbo kan inte tala ren svenska&#8221;Silvstedt..p\u00e5 stranden..Hon ligger och onanerar mitt p\u00e5 stranden..Allt f\u00f6r f\u00e5 uppm\u00e4rksamhet..Kan hon inte f\u00e5 det p\u00e5 annat s\u00e4tt??Men hon kommer v\u00e4l bortf\u00f6rklara det sen med att det var n\u00e5n som mixat med foto eller n\u00e5tt..Detta \u00e4r bara en del av &#8230; <a title=\"VICTORIA SILVSTEDT ONANERAR..\" class=\"read-more\" href=\"https:\/\/blogg.improveme.se\/gniztra\/2009\/10\/09\/victoria-silvstedt-onanerar\/\" aria-label=\"L\u00e4s mer om VICTORIA SILVSTEDT ONANERAR..\">L\u00e4s mer<\/a><\/p>\n","protected":false},"author":1702,"featured_media":0,"comment_status":"open","ping_status":"open","sticky":false,"template":"","format":"standard","meta":{"footnotes":""},"categories":[1],"tags":[],"class_list":["post-1608","post","type-post","status-publish","format-standard","hentry","category-okategoriserad"],"_links":{"self":[{"href":"https:\/\/blogg.improveme.se\/gniztra\/wp-json\/wp\/v2\/posts\/1608","targetHints":{"allow":["GET"]}}],"collection":[{"href":"https:\/\/blogg.improveme.se\/gniztra\/wp-json\/wp\/v2\/posts"}],"about":[{"href":"https:\/\/blogg.improveme.se\/gniztra\/wp-json\/wp\/v2\/types\/post"}],"author":[{"embeddable":true,"href":"https:\/\/blogg.improveme.se\/gniztra\/wp-json\/wp\/v2\/users\/1702"}],"replies":[{"embeddable":true,"href":"https:\/\/blogg.improveme.se\/gniztra\/wp-json\/wp\/v2\/comments?post=1608"}],"version-history":[{"count":0,"href":"https:\/\/blogg.improveme.se\/gniztra\/wp-json\/wp\/v2\/posts\/1608\/revisions"}],"wp:attachment":[{"href":"https:\/\/blogg.improveme.se\/gniztra\/wp-json\/wp\/v2\/media?parent=1608"}],"wp:term":[{"taxonomy":"category","embeddable":true,"href":"https:\/\/blogg.improveme.se\/gniztra\/wp-json\/wp\/v2\/categories?post=1608"},{"taxonomy":"post_tag","embeddable":true,"href":"https:\/\/blogg.improveme.se\/gniztra\/wp-json\/wp\/v2\/tags?post=1608"}],"curies":[{"name":"wp","href":"https:\/\/api.w.org\/{rel}","templated":true}]}}