{"id":1634,"date":"2009-10-11T16:31:00","date_gmt":"2009-10-11T15:31:00","guid":{"rendered":"http:\/\/blogg.improveme.se\/gniztra\/2009\/10\/11\/boyzone-stjarna-dod\/"},"modified":"2009-10-11T16:31:00","modified_gmt":"2009-10-11T15:31:00","slug":"boyzone-stjarna-dod","status":"publish","type":"post","link":"https:\/\/blogg.improveme.se\/gniztra\/2009\/10\/11\/boyzone-stjarna-dod\/","title":{"rendered":"BOYZONE STJ\u00c4RNA D\u00d6D"},"content":{"rendered":"<div style=\"width: 210px;\">\n<div class=\"abImageBlock\" style=\"width: 210px;\">\n<img decoding=\"async\" src=\"http:\/\/gfx.aftonbladet-cdn.se\/multimedia\/archive\/01044\/boyzone_1044128w.jpg\" class=\"\" alt=\"Stephen Gately.\" style=\"width: 210px; height: 132px;\"><\/p>\n<div class=\"abImageCaption\">\nStephen Gately.<\/p>\n<p>Boyzone stj\u00e4rnana dog efter en festkv\u00e4ll p\u00e5 Mallorca.<br \/>Endast 33\u00e5r gammal ingen vet vad som orsakde hans d\u00f6d.<br \/>Det 4andra boyzone medlemmarna som nyligen \u00e5terf\u00f6renades komer flygas till Mallorca..<\/p>\n<p>Gu va hemskt en s\u00e5n ung kille!<br \/>S\u00e4kert hj\u00e4rtat&#8230;<\/p>\n<p>Bild fr\u00e5n Aftonbladet.<\/p>\n<p><\/div>\n<\/div>\n<\/div>\n","protected":false},"excerpt":{"rendered":"<p>Stephen Gately. Boyzone stj\u00e4rnana dog efter en festkv\u00e4ll p\u00e5 Mallorca.Endast 33\u00e5r gammal ingen vet vad som orsakde hans d\u00f6d.Det 4andra boyzone medlemmarna som nyligen \u00e5terf\u00f6renades komer flygas till Mallorca.. Gu va hemskt en s\u00e5n ung kille!S\u00e4kert hj\u00e4rtat&#8230; Bild fr\u00e5n Aftonbladet.<\/p>\n","protected":false},"author":1702,"featured_media":0,"comment_status":"open","ping_status":"open","sticky":false,"template":"","format":"standard","meta":{"footnotes":""},"categories":[1],"tags":[],"class_list":["post-1634","post","type-post","status-publish","format-standard","hentry","category-okategoriserad"],"_links":{"self":[{"href":"https:\/\/blogg.improveme.se\/gniztra\/wp-json\/wp\/v2\/posts\/1634","targetHints":{"allow":["GET"]}}],"collection":[{"href":"https:\/\/blogg.improveme.se\/gniztra\/wp-json\/wp\/v2\/posts"}],"about":[{"href":"https:\/\/blogg.improveme.se\/gniztra\/wp-json\/wp\/v2\/types\/post"}],"author":[{"embeddable":true,"href":"https:\/\/blogg.improveme.se\/gniztra\/wp-json\/wp\/v2\/users\/1702"}],"replies":[{"embeddable":true,"href":"https:\/\/blogg.improveme.se\/gniztra\/wp-json\/wp\/v2\/comments?post=1634"}],"version-history":[{"count":0,"href":"https:\/\/blogg.improveme.se\/gniztra\/wp-json\/wp\/v2\/posts\/1634\/revisions"}],"wp:attachment":[{"href":"https:\/\/blogg.improveme.se\/gniztra\/wp-json\/wp\/v2\/media?parent=1634"}],"wp:term":[{"taxonomy":"category","embeddable":true,"href":"https:\/\/blogg.improveme.se\/gniztra\/wp-json\/wp\/v2\/categories?post=1634"},{"taxonomy":"post_tag","embeddable":true,"href":"https:\/\/blogg.improveme.se\/gniztra\/wp-json\/wp\/v2\/tags?post=1634"}],"curies":[{"name":"wp","href":"https:\/\/api.w.org\/{rel}","templated":true}]}}