{"id":1652,"date":"2009-10-12T12:07:00","date_gmt":"2009-10-12T11:07:00","guid":{"rendered":"http:\/\/blogg.improveme.se\/gniztra\/2009\/10\/12\/vecko-revyns-blog-awards\/"},"modified":"2009-10-12T12:07:00","modified_gmt":"2009-10-12T11:07:00","slug":"vecko-revyns-blog-awards","status":"publish","type":"post","link":"https:\/\/blogg.improveme.se\/gniztra\/2009\/10\/12\/vecko-revyns-blog-awards\/","title":{"rendered":"VECKO REVYNS BLOG AWARDS"},"content":{"rendered":"<p>N\u00e5n som vet om vem som helst f\u00e5r g\u00e5r dit?<br \/>L\u00e4ste p\u00e5 vecko revyns sida d\u00e5 st\u00e5r det s\u00e5 h\u00e4r.<br \/>L\u00e5ter ju att vem som helst f\u00e5r g\u00e5??<br \/>Skulle vara kul tycker jag&#8230;(-:<\/p>\n<div class=\"header-component\">\n<h1>Om galan<\/h1>\n<\/div>\n<p><b>Afternoon Tea Party, Caf\u00e9 Opera Kl 13.00 &#8211; 16.00<\/p>\n<p><\/b> I \u00e5r \u00e4r Blog Awards st\u00f6rre \u00e4n n\u00e5gonsin och f\u00f6r f\u00f6rsta g\u00e5ngen drar<br \/>\nfestligheterna ig\u00e5ng redan p\u00e5 dagen. Kom och mingla med Sveriges 500<br \/>\nst\u00f6rsta och b\u00e4sta bloggare samtidigt som du njuter av scones och<br \/>\nnybryggt te. Under dagen har du dessutom m\u00f6jlighet att bli stylad inf\u00f6r<br \/>\nkv\u00e4llens gala av riktiga proffs. Vi avslutar inspirationsdagen med Top<br \/>\nShops glammiga modevisning (med n\u00e5gra av Sveriges st\u00f6rsta bloggare p\u00e5<br \/>\ncatwalken) och avsl\u00f6jar samtidigt top 5 finalisterna i kategorin \u0094\u00c5rets<br \/>\nblogg\u0094. Dessutom f\u00e5r du din maxade goodiebag full med h\u00e4rliga<br \/>\nprodukter! Sj\u00e4lvklart kommer du \u00e4ven att kunna t\u00e4vla om lyxiga priser!<\/p>\n<p><b>Blog Awards Gala och prisutdelning, Caf\u00e9 Opera <\/p>\n<p><\/b>Klockan 18:30 sm\u00e4ller det, d\u00e5 drar \u00e5rets st\u00f6rsta bloggala ig\u00e5ng p\u00e5<br \/>\nriktigt. \u00c4t, drick och mingla fram till klockan \u00e5tta d\u00e5 sj\u00e4lva<br \/>\nprisutdelningen \u00e4ger rum. Efter det upptr\u00e4der tv\u00e5 v\u00e4rldsartister f\u00f6ljt<br \/>\nav grym efterfest natten l\u00e5ng! <\/p>\n<p><b>Obs! <u>Gl\u00f6m ej<\/u> legitimation.<\/b> <\/p>\n","protected":false},"excerpt":{"rendered":"<p>N\u00e5n som vet om vem som helst f\u00e5r g\u00e5r dit?L\u00e4ste p\u00e5 vecko revyns sida d\u00e5 st\u00e5r det s\u00e5 h\u00e4r.L\u00e5ter ju att vem som helst f\u00e5r g\u00e5??Skulle vara kul tycker jag&#8230;(-: Om galan Afternoon Tea Party, Caf\u00e9 Opera Kl 13.00 &#8211; 16.00 I \u00e5r \u00e4r Blog Awards st\u00f6rre \u00e4n n\u00e5gonsin och f\u00f6r f\u00f6rsta g\u00e5ngen drar festligheterna &#8230; <a title=\"VECKO REVYNS BLOG AWARDS\" class=\"read-more\" href=\"https:\/\/blogg.improveme.se\/gniztra\/2009\/10\/12\/vecko-revyns-blog-awards\/\" aria-label=\"L\u00e4s mer om VECKO REVYNS BLOG AWARDS\">L\u00e4s mer<\/a><\/p>\n","protected":false},"author":1702,"featured_media":0,"comment_status":"open","ping_status":"open","sticky":false,"template":"","format":"standard","meta":{"footnotes":""},"categories":[1],"tags":[],"class_list":["post-1652","post","type-post","status-publish","format-standard","hentry","category-okategoriserad"],"_links":{"self":[{"href":"https:\/\/blogg.improveme.se\/gniztra\/wp-json\/wp\/v2\/posts\/1652","targetHints":{"allow":["GET"]}}],"collection":[{"href":"https:\/\/blogg.improveme.se\/gniztra\/wp-json\/wp\/v2\/posts"}],"about":[{"href":"https:\/\/blogg.improveme.se\/gniztra\/wp-json\/wp\/v2\/types\/post"}],"author":[{"embeddable":true,"href":"https:\/\/blogg.improveme.se\/gniztra\/wp-json\/wp\/v2\/users\/1702"}],"replies":[{"embeddable":true,"href":"https:\/\/blogg.improveme.se\/gniztra\/wp-json\/wp\/v2\/comments?post=1652"}],"version-history":[{"count":0,"href":"https:\/\/blogg.improveme.se\/gniztra\/wp-json\/wp\/v2\/posts\/1652\/revisions"}],"wp:attachment":[{"href":"https:\/\/blogg.improveme.se\/gniztra\/wp-json\/wp\/v2\/media?parent=1652"}],"wp:term":[{"taxonomy":"category","embeddable":true,"href":"https:\/\/blogg.improveme.se\/gniztra\/wp-json\/wp\/v2\/categories?post=1652"},{"taxonomy":"post_tag","embeddable":true,"href":"https:\/\/blogg.improveme.se\/gniztra\/wp-json\/wp\/v2\/tags?post=1652"}],"curies":[{"name":"wp","href":"https:\/\/api.w.org\/{rel}","templated":true}]}}