{"id":1761,"date":"2009-10-19T23:00:00","date_gmt":"2009-10-19T22:00:00","guid":{"rendered":"http:\/\/blogg.improveme.se\/gniztra\/2009\/10\/19\/radda-majlo-amstaff-vovve-hund\/"},"modified":"2009-10-19T23:00:00","modified_gmt":"2009-10-19T22:00:00","slug":"radda-majlo-amstaff-vovve-hund","status":"publish","type":"post","link":"https:\/\/blogg.improveme.se\/gniztra\/2009\/10\/19\/radda-majlo-amstaff-vovve-hund\/","title":{"rendered":"R\u00c4DDA MAJLO AMSTAFF VOVVE HUND"},"content":{"rendered":"<p>R\u00e4dda denna s\u00f6ta lilla vovven fr\u00e5n avlivas.<\/p>\n<div class=\"abRelatedBoxTop\">\n<div class=\"abImageBlock\" style=\"width: 480px;\">\n<img decoding=\"async\" src=\"http:\/\/gfx.aftonbladet-cdn.se\/multimedia\/dynamic\/01049\/majl3_1049290l.jpg\" class=\"\" alt=\"\" style=\"width: 480px; height: 295px;\">\n<\/div>\n<\/div>\n<p>Paret k\u00f6pte den hund i sitt hemland och flyttade sen till Norge och d\u00e4r f\u00e5r man tydligen inte ha rasen Amstaffen.<br \/>Hur l\u00f6jligt som helst.<\/p>\n<div class=\"abFactsbox abBoxBorder101 abBoxBackgroundColor110 noIndent\">\n<h2 class=\"abS18 abFactBoxHeadlineBold\">Detta har h\u00e4nt:<\/h2>\n<p class=\"firstParagraph\">\n<span class=\"abSymbCi\">&nbsp;<\/span><br \/>\nF\u00f6r tre \u00e5r sedan skaffade Monia Johansson och maken Daniel hunden<br \/>\nMajlo. Strax d\u00e4refter flyttade paret till Norge \u0096 d\u00e4r rasen amstaff \u00e4r<br \/>\nolaglig. Detta visste paret inte om.\n<\/p>\n<p>\n<span class=\"abSymbCi\">&nbsp;<\/span>Den 23 februari \u0096 n\u00e4r paret inte var<br \/>\nhemma \u0096 gick norsk polis in i parets hem och h\u00e4mtade med sig hunden. De<br \/>\nl\u00e4mnade en lapp d\u00e4r de skrev att den skulle avlivas inom tv\u00e5 veckor.<br \/>\nParet kontaktade en advokat och gick till r\u00e4tten.\n<\/p>\n<p>\n<span class=\"abSymbCi\">&nbsp;<\/span>I somras best\u00e4mde tingsr\u00e4tten att paret<br \/>\nskulle \u00e5terf\u00e5 sin hund \u0096 f\u00f6r att f\u00f6ra den till Sverige. De d\u00f6mde ocks\u00e5<br \/>\npolisen till att betala r\u00e4tteg\u00e5ngskostnaderna. <\/p>\n<p>\n<span class=\"abSymbCi\">&nbsp;<\/span><br \/>\nPolisen har fortfarande varken betalat n\u00e5gra r\u00e4tteg\u00e5ngskostnader eller<br \/>\nl\u00e4mnat tillbaka hunden. Polisen har ist\u00e4llet \u00f6verklagat fallet till<br \/>\nn\u00e4sta instans, Frostating lagmannsrett. D\u00e4r m\u00f6ts parterna i december. <\/p>\n<p><\/p>\n<p>Fr\u00e5n Aftonbladet.<\/p>\n<p><span style=\"font-weight: bold;\">Skicka ett tomt mail med bara Nman och ort i \u00e4mnes raden.<\/span><\/p>\n<p><span style=\"font-weight: bold;\"><\/span><\/p>\n<p><span style=\"font-weight: bold;\">majlo@aftonbladet.se<br \/><\/span><\/p>\n<p><\/p>\n<\/div>\n<p><\/p>\n","protected":false},"excerpt":{"rendered":"<p>R\u00e4dda denna s\u00f6ta lilla vovven fr\u00e5n avlivas. Paret k\u00f6pte den hund i sitt hemland och flyttade sen till Norge och d\u00e4r f\u00e5r man tydligen inte ha rasen Amstaffen.Hur l\u00f6jligt som helst. Detta har h\u00e4nt: &nbsp; F\u00f6r tre \u00e5r sedan skaffade Monia Johansson och maken Daniel hunden Majlo. Strax d\u00e4refter flyttade paret till Norge \u0096 d\u00e4r &#8230; <a title=\"R\u00c4DDA MAJLO AMSTAFF VOVVE HUND\" class=\"read-more\" href=\"https:\/\/blogg.improveme.se\/gniztra\/2009\/10\/19\/radda-majlo-amstaff-vovve-hund\/\" aria-label=\"L\u00e4s mer om R\u00c4DDA MAJLO AMSTAFF VOVVE HUND\">L\u00e4s mer<\/a><\/p>\n","protected":false},"author":1702,"featured_media":0,"comment_status":"open","ping_status":"open","sticky":false,"template":"","format":"standard","meta":{"footnotes":""},"categories":[1],"tags":[],"class_list":["post-1761","post","type-post","status-publish","format-standard","hentry","category-okategoriserad"],"_links":{"self":[{"href":"https:\/\/blogg.improveme.se\/gniztra\/wp-json\/wp\/v2\/posts\/1761","targetHints":{"allow":["GET"]}}],"collection":[{"href":"https:\/\/blogg.improveme.se\/gniztra\/wp-json\/wp\/v2\/posts"}],"about":[{"href":"https:\/\/blogg.improveme.se\/gniztra\/wp-json\/wp\/v2\/types\/post"}],"author":[{"embeddable":true,"href":"https:\/\/blogg.improveme.se\/gniztra\/wp-json\/wp\/v2\/users\/1702"}],"replies":[{"embeddable":true,"href":"https:\/\/blogg.improveme.se\/gniztra\/wp-json\/wp\/v2\/comments?post=1761"}],"version-history":[{"count":0,"href":"https:\/\/blogg.improveme.se\/gniztra\/wp-json\/wp\/v2\/posts\/1761\/revisions"}],"wp:attachment":[{"href":"https:\/\/blogg.improveme.se\/gniztra\/wp-json\/wp\/v2\/media?parent=1761"}],"wp:term":[{"taxonomy":"category","embeddable":true,"href":"https:\/\/blogg.improveme.se\/gniztra\/wp-json\/wp\/v2\/categories?post=1761"},{"taxonomy":"post_tag","embeddable":true,"href":"https:\/\/blogg.improveme.se\/gniztra\/wp-json\/wp\/v2\/tags?post=1761"}],"curies":[{"name":"wp","href":"https:\/\/api.w.org\/{rel}","templated":true}]}}