{"id":1762,"date":"2009-10-19T10:47:00","date_gmt":"2009-10-19T09:47:00","guid":{"rendered":"http:\/\/blogg.improveme.se\/gniztra\/2009\/10\/19\/blev-nedslagna-pga-vart-med-i-idol\/"},"modified":"2009-10-19T10:47:00","modified_gmt":"2009-10-19T09:47:00","slug":"blev-nedslagna-pga-vart-med-i-idol","status":"publish","type":"post","link":"https:\/\/blogg.improveme.se\/gniztra\/2009\/10\/19\/blev-nedslagna-pga-vart-med-i-idol\/","title":{"rendered":"BLEV NEDSLAGNA PGA VART MED I IDOL:::"},"content":{"rendered":"<p>Vart \u00e4r v\u00e4gen p\u00e5 v\u00e4g???<br \/>Varf\u00f6r \u00e4r folk s\u00e5 avundsjuka p\u00e5 varandra..<br \/>Varf\u00f6r inte g\u00f6ra det b\u00e4sta av sitt eget.<br \/>Och gilla n\u00e4r andra f\u00e5r framg\u00e5ng?<br \/>Dessa 2 idol stj\u00e4rnor blev nedslagna av ungdomsg\u00e4ng f\u00f6r dom varit med i idol&#8230;<br \/>\n<a name=\"abToMainContent\"><\/a><\/p>\n<div id=\"abBreadcrumbsClick\">\n<div class=\"abBreadcrumbs\"><a href=\"http:\/\/www.aftonbladet.se\/\">Aftonbladet<\/a><a href=\"http:\/\/www.aftonbladet.se\/nojesbladet\/\">N\u00f6jesbladet<\/a> <a href=\"http:\/\/www.aftonbladet.se\/nojesbladet\/tv\/\">TV<\/a> <a href=\"http:\/\/www.aftonbladet.se\/nojesbladet\/tv\/idol2009\/\">Idol 2009<\/a><\/div>\n<\/p><\/div>\n<p><script type=\"text\/javascript\">\n\/\/<![CDATA[\n(function() {\nvar Event = YAHOO.util.Event;\nEvent.on('abBreadcrumbsClick', 'click', function(ev) {\nvar tar = Event.getTarget(ev);\nif (tar.tagName.toLowerCase() == 'a') {\nse.aftonbladet.stats.linkTrack1(tar, '', 'Breadcrumbs', tar.innerHTML, '');\n}\n});\n})()\n\/\/ ]]>\n<\/script><br \/>\n<!-- HELIOS AD 'M01-010\/ \/'. Found no data ({pageName=N\u00f6jesbladet, keywords=[ab_nojesliv_tv_idol2009, ab_nojesliv_tv, ab_nojesbladet], sectionNames=[Idol 2009, TV, N\u00f6jesbladet, Startsidan], websiteName=aftonbladet.se}) --> <!-- BEGIN --><\/p>\n<div class=\"abArticleToolbarTop\">\n<div id=\"abArticlePubDate\">\n<!-- abArticlePubDate-->\n<\/div>\n<p><script type=\"text\/javascript\">YAHOO.util.Event.onAvailable(\"abMainArticle\",abInitializeFontSize);\n<\/script><\/p>\n<div class=\"abFloatclearer\"><span class=\"textspacer\"><\/span><\/div>\n<\/div>\n<map name=\"abTextSizeMap\" id=\"abTextSizeMap\">\n<area shape=\"rect\" coords=\"0,0,11,14\" href=\"javascript:void(0)\" onclick=\"abChangeFontSize('S');return false;\" alt=\"Normal text\">\n<area shape=\"rect\" coords=\"15,0,26,14\" href=\"javascript:void(0)\" onclick=\"abChangeFontSize('M');return false;\" alt=\"Stor text\">\n<area shape=\"rect\" coords=\"30,0,41,14\" href=\"javascript:void(0);\" onclick=\"abChangeFontSize('L');return false;\" alt=\"Extra stor text\">\n<\/map>\n<p><img decoding=\"async\" src=\"http:\/\/gfx.aftonbladet-cdn.se\/multimedia\/dynamic\/01048\/18s02-offertva-695_1048828l.jpg\" class=\"\" alt=\"Moa Carlebecker-Forssell och Carl Chapal \u00f6verf\u00f6lls av ett g\u00e4\" style=\"width: 480px; height: 355px;\"><\/p>\n","protected":false},"excerpt":{"rendered":"<p>Vart \u00e4r v\u00e4gen p\u00e5 v\u00e4g???Varf\u00f6r \u00e4r folk s\u00e5 avundsjuka p\u00e5 varandra..Varf\u00f6r inte g\u00f6ra det b\u00e4sta av sitt eget.Och gilla n\u00e4r andra f\u00e5r framg\u00e5ng?Dessa 2 idol stj\u00e4rnor blev nedslagna av ungdomsg\u00e4ng f\u00f6r dom varit med i idol&#8230; AftonbladetN\u00f6jesbladet TV Idol 2009<\/p>\n","protected":false},"author":1702,"featured_media":0,"comment_status":"open","ping_status":"open","sticky":false,"template":"","format":"standard","meta":{"footnotes":""},"categories":[1],"tags":[],"class_list":["post-1762","post","type-post","status-publish","format-standard","hentry","category-okategoriserad"],"_links":{"self":[{"href":"https:\/\/blogg.improveme.se\/gniztra\/wp-json\/wp\/v2\/posts\/1762","targetHints":{"allow":["GET"]}}],"collection":[{"href":"https:\/\/blogg.improveme.se\/gniztra\/wp-json\/wp\/v2\/posts"}],"about":[{"href":"https:\/\/blogg.improveme.se\/gniztra\/wp-json\/wp\/v2\/types\/post"}],"author":[{"embeddable":true,"href":"https:\/\/blogg.improveme.se\/gniztra\/wp-json\/wp\/v2\/users\/1702"}],"replies":[{"embeddable":true,"href":"https:\/\/blogg.improveme.se\/gniztra\/wp-json\/wp\/v2\/comments?post=1762"}],"version-history":[{"count":0,"href":"https:\/\/blogg.improveme.se\/gniztra\/wp-json\/wp\/v2\/posts\/1762\/revisions"}],"wp:attachment":[{"href":"https:\/\/blogg.improveme.se\/gniztra\/wp-json\/wp\/v2\/media?parent=1762"}],"wp:term":[{"taxonomy":"category","embeddable":true,"href":"https:\/\/blogg.improveme.se\/gniztra\/wp-json\/wp\/v2\/categories?post=1762"},{"taxonomy":"post_tag","embeddable":true,"href":"https:\/\/blogg.improveme.se\/gniztra\/wp-json\/wp\/v2\/tags?post=1762"}],"curies":[{"name":"wp","href":"https:\/\/api.w.org\/{rel}","templated":true}]}}