{"id":1783,"date":"2009-10-25T17:03:00","date_gmt":"2009-10-25T16:03:00","guid":{"rendered":"http:\/\/blogg.improveme.se\/gniztra\/2009\/10\/25\/palsjacka-perelli-hm-me-want\/"},"modified":"2009-10-25T17:03:00","modified_gmt":"2009-10-25T16:03:00","slug":"palsjacka-perelli-hm-me-want","status":"publish","type":"post","link":"https:\/\/blogg.improveme.se\/gniztra\/2009\/10\/25\/palsjacka-perelli-hm-me-want\/","title":{"rendered":"P\u00c4LSJACKA PERELLI HM me want!!!!!"},"content":{"rendered":"<p>Gu jag vill s\u00e5 g\u00e4rna ha denna &#8221;p\u00e4ls&#8221;jacka fr\u00e5n Hm endast 799kr.<br \/>Finns bara en kvar p\u00e5 en hm..s\u00e4ger inte vilket..<br \/>Den har nu h\u00e4ngt d\u00e4r i 2veckor tror den v\u00e4ntar p\u00e5 mig..<br \/>Sitter perfekt&#8230;men inga pengar f\u00f6rr\u00e4n n\u00e4sta m\u00e5nad och tomten l\u00e4r v\u00e4l inte ha denna i mitt paket i jul..<br \/>H\u00e4r ser ni Charlotte Perelli i sin fr\u00e5n henne mysiga blogg..<\/p>\n<div class=\"abImageCaption\"> <\/div>\n<p><\/p>\n<p><a href=\"http:\/\/s.improveme.se\/data\/filearchive\/64599.0x0.jpg\" target=\"_BLANK\"><img decoding=\"async\" src=\"http:\/\/s.improveme.se\/data\/filearchive\/64599.510x0.jpg\" border=\"0\"><\/a><\/p>\n<p>H\u00e4r ser ni den ox\u00e5 fr\u00e5n auktion fr\u00e5n tradera&#8230;<br \/><img decoding=\"async\" id=\"mainimage\" src=\"http:\/\/images.tradera.com\/729\/90622729_1.jpg\" alt=\"Klicka f\u00f6r att visa Megabild!\" vspace=\"0\" border=\"0\" hspace=\"0\"><\/p>\n<p>P\u00e5 en s\u00f6t tjej.<br \/><img decoding=\"async\" id=\"mainimage\" src=\"http:\/\/images.tradera.com\/729\/90622729_2.jpg\" alt=\"Klicka f\u00f6r att visa Megabild!\" vspace=\"0\" border=\"0\" hspace=\"0\"><\/p>\n","protected":false},"excerpt":{"rendered":"<p>Gu jag vill s\u00e5 g\u00e4rna ha denna &#8221;p\u00e4ls&#8221;jacka fr\u00e5n Hm endast 799kr.Finns bara en kvar p\u00e5 en hm..s\u00e4ger inte vilket..Den har nu h\u00e4ngt d\u00e4r i 2veckor tror den v\u00e4ntar p\u00e5 mig..Sitter perfekt&#8230;men inga pengar f\u00f6rr\u00e4n n\u00e4sta m\u00e5nad och tomten l\u00e4r v\u00e4l inte ha denna i mitt paket i jul..H\u00e4r ser ni Charlotte Perelli i sin &#8230; <a title=\"P\u00c4LSJACKA PERELLI HM me want!!!!!\" class=\"read-more\" href=\"https:\/\/blogg.improveme.se\/gniztra\/2009\/10\/25\/palsjacka-perelli-hm-me-want\/\" aria-label=\"L\u00e4s mer om P\u00c4LSJACKA PERELLI HM me want!!!!!\">L\u00e4s mer<\/a><\/p>\n","protected":false},"author":1702,"featured_media":0,"comment_status":"open","ping_status":"open","sticky":false,"template":"","format":"standard","meta":{"footnotes":""},"categories":[1],"tags":[],"class_list":["post-1783","post","type-post","status-publish","format-standard","hentry","category-okategoriserad"],"_links":{"self":[{"href":"https:\/\/blogg.improveme.se\/gniztra\/wp-json\/wp\/v2\/posts\/1783","targetHints":{"allow":["GET"]}}],"collection":[{"href":"https:\/\/blogg.improveme.se\/gniztra\/wp-json\/wp\/v2\/posts"}],"about":[{"href":"https:\/\/blogg.improveme.se\/gniztra\/wp-json\/wp\/v2\/types\/post"}],"author":[{"embeddable":true,"href":"https:\/\/blogg.improveme.se\/gniztra\/wp-json\/wp\/v2\/users\/1702"}],"replies":[{"embeddable":true,"href":"https:\/\/blogg.improveme.se\/gniztra\/wp-json\/wp\/v2\/comments?post=1783"}],"version-history":[{"count":0,"href":"https:\/\/blogg.improveme.se\/gniztra\/wp-json\/wp\/v2\/posts\/1783\/revisions"}],"wp:attachment":[{"href":"https:\/\/blogg.improveme.se\/gniztra\/wp-json\/wp\/v2\/media?parent=1783"}],"wp:term":[{"taxonomy":"category","embeddable":true,"href":"https:\/\/blogg.improveme.se\/gniztra\/wp-json\/wp\/v2\/categories?post=1783"},{"taxonomy":"post_tag","embeddable":true,"href":"https:\/\/blogg.improveme.se\/gniztra\/wp-json\/wp\/v2\/tags?post=1783"}],"curies":[{"name":"wp","href":"https:\/\/api.w.org\/{rel}","templated":true}]}}