{"id":1807,"date":"2009-10-25T17:28:00","date_gmt":"2009-10-25T16:28:00","guid":{"rendered":"http:\/\/blogg.improveme.se\/gniztra\/2009\/10\/25\/ar-du-radd-nar-du-gar-ensam-i-skogen-etc-polis-ring-detta\/"},"modified":"2009-10-25T17:28:00","modified_gmt":"2009-10-25T16:28:00","slug":"ar-du-radd-nar-du-gar-ensam-i-skogen-etc-polis-ring-detta","status":"publish","type":"post","link":"https:\/\/blogg.improveme.se\/gniztra\/2009\/10\/25\/ar-du-radd-nar-du-gar-ensam-i-skogen-etc-polis-ring-detta\/","title":{"rendered":"\u00c4R DU R\u00c4DD N\u00c4R DU G\u00c5R ENSAM I SKOGEN ETC POLIS RING DETTA"},"content":{"rendered":"<p>Fick f\u00f6r n\u00e5gra dagar sedan reda p\u00e5 ett nummer man kan ringa f\u00f6r att<br \/>\nk\u00e4nna sig s\u00e4krare n\u00e4r man \u00e4r ute och g\u00e5r om natten. S\u00e5 nu finns det ett<br \/>\ntelefonnummer ni kan ringa n\u00e4r ni \u00e4r ute och g\u00e5r p\u00e5 kv\u00e4llen\/natten och<br \/>\nvill ha s\u00e4llskap i luren. Man talar om vart man \u00e4r och vart man ska och<br \/>\ns\u00e5 har man linjen \u00f6ppen medans man g\u00e5r och om n\u00e5got skulle h\u00e4nda s\u00e5 ser<br \/>\npersonen i andra \u00e4nden till, som f\u00f6ljer dig p\u00e5 en karta, att du f\u00e5r<br \/>\nomedelbar hj\u00e4lp.<\/p>\n<p>S\u00e5 l\u00e4gg till detta nummer i telefonen s\u00e5 har ni<br \/>\nalltid n\u00e5gon att ringa n\u00e4r ni har den d\u00e4r kusliga k\u00e4nslan som dyker upp<br \/>\nibland n\u00e4r man g\u00e5r ensam ute om natten;<br \/><strong>Nattknappen&nbsp;polisens jourtelefon: 08-50446666<br \/><img decoding=\"async\" style=\"border: 0pt none ;\" class=\"image\" src=\"http:\/\/sanaz.blogg.se\/images\/2009\/shadows_57872837.jpg\" alt=\"\"><\/p>\n<p>fr\u00e5n.<br \/>http:\/\/www.bloggtrafik.nu\/run.php?id=6447<br \/><\/strong><\/p>\n","protected":false},"excerpt":{"rendered":"<p>Fick f\u00f6r n\u00e5gra dagar sedan reda p\u00e5 ett nummer man kan ringa f\u00f6r att k\u00e4nna sig s\u00e4krare n\u00e4r man \u00e4r ute och g\u00e5r om natten. S\u00e5 nu finns det ett telefonnummer ni kan ringa n\u00e4r ni \u00e4r ute och g\u00e5r p\u00e5 kv\u00e4llen\/natten och vill ha s\u00e4llskap i luren. Man talar om vart man \u00e4r och &#8230; <a title=\"\u00c4R DU R\u00c4DD N\u00c4R DU G\u00c5R ENSAM I SKOGEN ETC POLIS RING DETTA\" class=\"read-more\" href=\"https:\/\/blogg.improveme.se\/gniztra\/2009\/10\/25\/ar-du-radd-nar-du-gar-ensam-i-skogen-etc-polis-ring-detta\/\" aria-label=\"L\u00e4s mer om \u00c4R DU R\u00c4DD N\u00c4R DU G\u00c5R ENSAM I SKOGEN ETC POLIS RING DETTA\">L\u00e4s mer<\/a><\/p>\n","protected":false},"author":1702,"featured_media":0,"comment_status":"open","ping_status":"open","sticky":false,"template":"","format":"standard","meta":{"footnotes":""},"categories":[1],"tags":[],"class_list":["post-1807","post","type-post","status-publish","format-standard","hentry","category-okategoriserad"],"_links":{"self":[{"href":"https:\/\/blogg.improveme.se\/gniztra\/wp-json\/wp\/v2\/posts\/1807","targetHints":{"allow":["GET"]}}],"collection":[{"href":"https:\/\/blogg.improveme.se\/gniztra\/wp-json\/wp\/v2\/posts"}],"about":[{"href":"https:\/\/blogg.improveme.se\/gniztra\/wp-json\/wp\/v2\/types\/post"}],"author":[{"embeddable":true,"href":"https:\/\/blogg.improveme.se\/gniztra\/wp-json\/wp\/v2\/users\/1702"}],"replies":[{"embeddable":true,"href":"https:\/\/blogg.improveme.se\/gniztra\/wp-json\/wp\/v2\/comments?post=1807"}],"version-history":[{"count":0,"href":"https:\/\/blogg.improveme.se\/gniztra\/wp-json\/wp\/v2\/posts\/1807\/revisions"}],"wp:attachment":[{"href":"https:\/\/blogg.improveme.se\/gniztra\/wp-json\/wp\/v2\/media?parent=1807"}],"wp:term":[{"taxonomy":"category","embeddable":true,"href":"https:\/\/blogg.improveme.se\/gniztra\/wp-json\/wp\/v2\/categories?post=1807"},{"taxonomy":"post_tag","embeddable":true,"href":"https:\/\/blogg.improveme.se\/gniztra\/wp-json\/wp\/v2\/tags?post=1807"}],"curies":[{"name":"wp","href":"https:\/\/api.w.org\/{rel}","templated":true}]}}