{"id":1846,"date":"2009-10-08T14:39:00","date_gmt":"2009-10-08T13:39:00","guid":{"rendered":"http:\/\/blogg.improveme.se\/gniztra\/2009\/10\/08\/ensam-mamma-soker-paren-se-om-jag-har-ratt-ikvall\/"},"modified":"2009-10-08T14:39:00","modified_gmt":"2009-10-08T13:39:00","slug":"ensam-mamma-soker-paren-se-om-jag-har-ratt-ikvall","status":"publish","type":"post","link":"https:\/\/blogg.improveme.se\/gniztra\/2009\/10\/08\/ensam-mamma-soker-paren-se-om-jag-har-ratt-ikvall\/","title":{"rendered":"ENSAM MAMMA S\u00d6KER PAREN se om jag har r\u00e4tt ikv\u00e4ll&#8230;"},"content":{"rendered":"<p>S\u00e5 h\u00e4r tror jag dom kommer v\u00e4lja.<br \/><img loading=\"lazy\" decoding=\"async\" src=\"http:\/\/www.tv3.se\/sites\/tv3.se\/files\/images\/programme%20profile\/ensammamma\/helena_288_boll.jpg\" width=\"288\" height=\"216\"><\/p>\n<p><a href=\"http:\/\/s.improveme.se\/data\/filearchive\/65934.0x0.jpg\" target=\"_BLANK\"><img decoding=\"async\" src=\"http:\/\/s.improveme.se\/data\/filearchive\/65934.510x0.jpg\" border=\"0\"><\/a><\/p>\n<p><strong><span><img loading=\"lazy\" decoding=\"async\" src=\"http:\/\/www.tv3.se\/sites\/tv3.se\/files\/images\/programme%20profile\/ensammamma\/ulrika_288_boll.jpg\" width=\"288\" height=\"216\"><\/p>\n<p><\/span><\/strong><\/p>\n<p>&nbsp;<\/p>\n<p><strong><img loading=\"lazy\" decoding=\"async\" src=\"http:\/\/www.tv3.se\/sites\/tv3.se\/files\/images\/programme%20profile\/ensammamma\/killar\/ulrika_lasse_130.jpg\" width=\"130\" align=\"left\" height=\"130\" hspace=\"3\"><\/p>\n<p><\/strong>&nbsp;<img loading=\"lazy\" decoding=\"async\" src=\"http:\/\/www.tv3.se\/sites\/tv3.se\/files\/images\/programme%20profile\/ensammamma\/madelene_288_boll.jpg\" width=\"288\" height=\"216\"><\/p>\n<p>&nbsp;<\/p>\n<p><strong><img loading=\"lazy\" decoding=\"async\" src=\"http:\/\/www.tv3.se\/sites\/tv3.se\/files\/images\/programme%20profile\/ensammamma\/killar\/madde_martin_130.jpg\" width=\"130\" align=\"left\" height=\"130\" hspace=\"3\"><\/p>\n<p>F\u00e5 se om jag har r\u00e4tt&#8230;haha<\/p>\n<p>Ikv\u00e4ll f\u00e5r vi veta(-:<br \/><\/strong><\/p>\n","protected":false},"excerpt":{"rendered":"<p>S\u00e5 h\u00e4r tror jag dom kommer v\u00e4lja. &nbsp; &nbsp; &nbsp; F\u00e5 se om jag har r\u00e4tt&#8230;haha Ikv\u00e4ll f\u00e5r vi veta(-:<\/p>\n","protected":false},"author":1702,"featured_media":0,"comment_status":"open","ping_status":"open","sticky":false,"template":"","format":"standard","meta":{"footnotes":""},"categories":[1],"tags":[],"class_list":["post-1846","post","type-post","status-publish","format-standard","hentry","category-okategoriserad"],"_links":{"self":[{"href":"https:\/\/blogg.improveme.se\/gniztra\/wp-json\/wp\/v2\/posts\/1846","targetHints":{"allow":["GET"]}}],"collection":[{"href":"https:\/\/blogg.improveme.se\/gniztra\/wp-json\/wp\/v2\/posts"}],"about":[{"href":"https:\/\/blogg.improveme.se\/gniztra\/wp-json\/wp\/v2\/types\/post"}],"author":[{"embeddable":true,"href":"https:\/\/blogg.improveme.se\/gniztra\/wp-json\/wp\/v2\/users\/1702"}],"replies":[{"embeddable":true,"href":"https:\/\/blogg.improveme.se\/gniztra\/wp-json\/wp\/v2\/comments?post=1846"}],"version-history":[{"count":0,"href":"https:\/\/blogg.improveme.se\/gniztra\/wp-json\/wp\/v2\/posts\/1846\/revisions"}],"wp:attachment":[{"href":"https:\/\/blogg.improveme.se\/gniztra\/wp-json\/wp\/v2\/media?parent=1846"}],"wp:term":[{"taxonomy":"category","embeddable":true,"href":"https:\/\/blogg.improveme.se\/gniztra\/wp-json\/wp\/v2\/categories?post=1846"},{"taxonomy":"post_tag","embeddable":true,"href":"https:\/\/blogg.improveme.se\/gniztra\/wp-json\/wp\/v2\/tags?post=1846"}],"curies":[{"name":"wp","href":"https:\/\/api.w.org\/{rel}","templated":true}]}}