{"id":1966,"date":"2009-11-05T00:05:00","date_gmt":"2009-11-04T23:05:00","guid":{"rendered":"http:\/\/blogg.improveme.se\/gniztra\/2009\/11\/05\/bonde-soker-fruper-jorgens-karleksbrev\/"},"modified":"2009-11-05T00:05:00","modified_gmt":"2009-11-04T23:05:00","slug":"bonde-soker-fruper-jorgens-karleksbrev","status":"publish","type":"post","link":"https:\/\/blogg.improveme.se\/gniztra\/2009\/11\/05\/bonde-soker-fruper-jorgens-karleksbrev\/","title":{"rendered":"BONDE S\u00d6KER FRU:::PER J\u00d6RGENS K\u00c4RLEKSBREV"},"content":{"rendered":"<p>Detta stog det i PerJ\u00f6rgens k\u00e4rleksbrev till tjejerna..<br \/>Jag var asnyfiken men hitta dom p\u00e5 expressen&#8230;<br \/>http:\/\/www.expressen.se\/noje\/tvsajten\/1.1768742\/per-jorgen-ostling-avslojar-innehallet-i-karleksbreven<\/p>\n<h2 class=\"rubrik-abk14\" type=\"ExpressenTag\">Det skrev Per-J\u00f6rgen till&#8230;<\/h2>\n<p class=\"brodtext1 indent\">\n<p> <strong type=\"ExpressenTag\">&#8230; Patricia:<\/strong><br \/> &#8221;Att hon \u00e4r en s\u00e5dan tjej som jag k\u00e4nner mig trygg med, en jag skulle kunna t\u00e4nka mig att bilda familj med.&#8221;<\/p>\n<p> <strong type=\"ExpressenTag\"> &#8230; Malin:<\/strong><br \/> &#8221;Att hon \u00e4r en driven och fram\u00e5t tjej, glad och p\u00e5hittig.&#8221;<\/p>\n<p> <strong type=\"ExpressenTag\"> &#8230; My:<\/strong><br \/>\n&#8221;Att hon k\u00e4nns l\u00e4tt att prata med, att jag har l\u00e4tt att \u00f6ppna mig f\u00f6r<br \/>\nhenne. Att det var som om vi k\u00e4nt varandra i en evighet och att hon var<br \/>\nl\u00e4tt att komma in p\u00e5 livet.&#8221;<\/p>\n<p> <strong type=\"ExpressenTag\"> &#8230; \u00c5sa:<\/strong><br \/> &#8221;Att hon \u00e4r en v\u00e4ldigt trygg person, en modersgestalt, n\u00e5got att luta sig mot.&#8221;<\/p>\n<p><\/p>\n","protected":false},"excerpt":{"rendered":"<p>Detta stog det i PerJ\u00f6rgens k\u00e4rleksbrev till tjejerna..Jag var asnyfiken men hitta dom p\u00e5 expressen&#8230;http:\/\/www.expressen.se\/noje\/tvsajten\/1.1768742\/per-jorgen-ostling-avslojar-innehallet-i-karleksbreven Det skrev Per-J\u00f6rgen till&#8230; &#8230; Patricia: &#8221;Att hon \u00e4r en s\u00e5dan tjej som jag k\u00e4nner mig trygg med, en jag skulle kunna t\u00e4nka mig att bilda familj med.&#8221; &#8230; Malin: &#8221;Att hon \u00e4r en driven och fram\u00e5t tjej, glad och &#8230; <a title=\"BONDE S\u00d6KER FRU:::PER J\u00d6RGENS K\u00c4RLEKSBREV\" class=\"read-more\" href=\"https:\/\/blogg.improveme.se\/gniztra\/2009\/11\/05\/bonde-soker-fruper-jorgens-karleksbrev\/\" aria-label=\"L\u00e4s mer om BONDE S\u00d6KER FRU:::PER J\u00d6RGENS K\u00c4RLEKSBREV\">L\u00e4s mer<\/a><\/p>\n","protected":false},"author":1702,"featured_media":0,"comment_status":"open","ping_status":"open","sticky":false,"template":"","format":"standard","meta":{"footnotes":""},"categories":[1],"tags":[],"class_list":["post-1966","post","type-post","status-publish","format-standard","hentry","category-okategoriserad"],"_links":{"self":[{"href":"https:\/\/blogg.improveme.se\/gniztra\/wp-json\/wp\/v2\/posts\/1966","targetHints":{"allow":["GET"]}}],"collection":[{"href":"https:\/\/blogg.improveme.se\/gniztra\/wp-json\/wp\/v2\/posts"}],"about":[{"href":"https:\/\/blogg.improveme.se\/gniztra\/wp-json\/wp\/v2\/types\/post"}],"author":[{"embeddable":true,"href":"https:\/\/blogg.improveme.se\/gniztra\/wp-json\/wp\/v2\/users\/1702"}],"replies":[{"embeddable":true,"href":"https:\/\/blogg.improveme.se\/gniztra\/wp-json\/wp\/v2\/comments?post=1966"}],"version-history":[{"count":0,"href":"https:\/\/blogg.improveme.se\/gniztra\/wp-json\/wp\/v2\/posts\/1966\/revisions"}],"wp:attachment":[{"href":"https:\/\/blogg.improveme.se\/gniztra\/wp-json\/wp\/v2\/media?parent=1966"}],"wp:term":[{"taxonomy":"category","embeddable":true,"href":"https:\/\/blogg.improveme.se\/gniztra\/wp-json\/wp\/v2\/categories?post=1966"},{"taxonomy":"post_tag","embeddable":true,"href":"https:\/\/blogg.improveme.se\/gniztra\/wp-json\/wp\/v2\/tags?post=1966"}],"curies":[{"name":"wp","href":"https:\/\/api.w.org\/{rel}","templated":true}]}}