{"id":2091,"date":"2009-11-13T09:36:00","date_gmt":"2009-11-13T08:36:00","guid":{"rendered":"http:\/\/blogg.improveme.se\/gniztra\/2009\/11\/13\/slog-kollega-pga-av-lukta-gott\/"},"modified":"2009-11-13T09:36:00","modified_gmt":"2009-11-13T08:36:00","slug":"slog-kollega-pga-av-lukta-gott","status":"publish","type":"post","link":"https:\/\/blogg.improveme.se\/gniztra\/2009\/11\/13\/slog-kollega-pga-av-lukta-gott\/","title":{"rendered":"SLOG KOLLEGA PGA AV LUKTA GOTT?"},"content":{"rendered":"<h3>\nF\u00e5r beh\u00e5lla l\u00f6nen <\/h3>\n<p>\nArbetsledningen polisanm\u00e4lde br\u00e5ket och den 40-\u00e5riga kvinnan \u00e4r nu misst\u00e4nkt f\u00f6r misshandel och olaga hot.\n<\/p>\n<p>\n\u0096 I v\u00e4ntan p\u00e5 att utredningen ska bli klar har kvinnan st\u00e4ngts av, men<br \/>\nmed bibeh\u00e5llen l\u00f6n, s\u00e4ger Christina Welin p\u00e5 kommunens personalenhet. <\/p>\n<p>\nI dag tar Kommunals avdelning i Motala upp \u00e4rendet. Hans Elf, sektionsordf\u00f6rande, \u00e4r uppr\u00f6rd \u00f6ver kommunens agerande.\n<\/p>\n<p>\n\u0096 Att s\u00e5 snabbt st\u00e4nga av en anst\u00e4lld och hota med avsked i en situation som har flera bottnar, k\u00e4nns inte alls bra. <\/p>\n<h3>\n\u0094Sinnet rann\u0094 <\/h3>\n<p>\n\u0096 Man borde i st\u00e4llet ha lyssnat p\u00e5 doftklagom\u00e5len som kvinnan framf\u00f6rt<br \/>\ni flera \u00e5r. H\u00e4r handlar det om en person med sv\u00e5ra allergiska besv\u00e4r<br \/>\nsom till slut inte pallade l\u00e4ngre. Sinnet rann helt enkelt.\n<\/p>\n<p>\n\u0096 Kvinnan \u00e4r i dag helt f\u00f6rtvivlad \u00f6ver situationen.\n<\/p>\n<p>Tydliga lappar med budskapet att visa h\u00e4nsyn mot allergiker och<br \/>\nbland annat inte b\u00e4ra tunga dofter, finns uppsatta vid m\u00e5nga entr\u00e9er<br \/>\ntill Motalas kommunala verksamheter. <\/p>\n<p>\n\u0096 Den h\u00e4nsynen \u00e4r viktig, men d\u00e4rifr\u00e5n till direkta handgripligheter<br \/>\noch hot \u00e4r steget alltf\u00f6r l\u00e5ngt. D\u00e4rf\u00f6r har vi valt att st\u00e4nga av den<br \/>\naktuella kvinnan tills vidare, s\u00e4ger Christina Welin. <\/p>\n<p><\/p>\n<p>Fr\u00e5n Aftonbladet..<\/p>\n","protected":false},"excerpt":{"rendered":"<p>F\u00e5r beh\u00e5lla l\u00f6nen Arbetsledningen polisanm\u00e4lde br\u00e5ket och den 40-\u00e5riga kvinnan \u00e4r nu misst\u00e4nkt f\u00f6r misshandel och olaga hot. \u0096 I v\u00e4ntan p\u00e5 att utredningen ska bli klar har kvinnan st\u00e4ngts av, men med bibeh\u00e5llen l\u00f6n, s\u00e4ger Christina Welin p\u00e5 kommunens personalenhet. I dag tar Kommunals avdelning i Motala upp \u00e4rendet. Hans Elf, sektionsordf\u00f6rande, \u00e4r uppr\u00f6rd &#8230; <a title=\"SLOG KOLLEGA PGA AV LUKTA GOTT?\" class=\"read-more\" href=\"https:\/\/blogg.improveme.se\/gniztra\/2009\/11\/13\/slog-kollega-pga-av-lukta-gott\/\" aria-label=\"L\u00e4s mer om SLOG KOLLEGA PGA AV LUKTA GOTT?\">L\u00e4s mer<\/a><\/p>\n","protected":false},"author":1702,"featured_media":0,"comment_status":"open","ping_status":"open","sticky":false,"template":"","format":"standard","meta":{"footnotes":""},"categories":[1],"tags":[],"class_list":["post-2091","post","type-post","status-publish","format-standard","hentry","category-okategoriserad"],"_links":{"self":[{"href":"https:\/\/blogg.improveme.se\/gniztra\/wp-json\/wp\/v2\/posts\/2091","targetHints":{"allow":["GET"]}}],"collection":[{"href":"https:\/\/blogg.improveme.se\/gniztra\/wp-json\/wp\/v2\/posts"}],"about":[{"href":"https:\/\/blogg.improveme.se\/gniztra\/wp-json\/wp\/v2\/types\/post"}],"author":[{"embeddable":true,"href":"https:\/\/blogg.improveme.se\/gniztra\/wp-json\/wp\/v2\/users\/1702"}],"replies":[{"embeddable":true,"href":"https:\/\/blogg.improveme.se\/gniztra\/wp-json\/wp\/v2\/comments?post=2091"}],"version-history":[{"count":0,"href":"https:\/\/blogg.improveme.se\/gniztra\/wp-json\/wp\/v2\/posts\/2091\/revisions"}],"wp:attachment":[{"href":"https:\/\/blogg.improveme.se\/gniztra\/wp-json\/wp\/v2\/media?parent=2091"}],"wp:term":[{"taxonomy":"category","embeddable":true,"href":"https:\/\/blogg.improveme.se\/gniztra\/wp-json\/wp\/v2\/categories?post=2091"},{"taxonomy":"post_tag","embeddable":true,"href":"https:\/\/blogg.improveme.se\/gniztra\/wp-json\/wp\/v2\/tags?post=2091"}],"curies":[{"name":"wp","href":"https:\/\/api.w.org\/{rel}","templated":true}]}}