{"id":2923,"date":"2010-07-14T15:45:00","date_gmt":"2010-07-14T14:45:00","guid":{"rendered":"http:\/\/blogg.improveme.se\/gniztra\/2010\/07\/14\/bild-pa-youghurt-i-8ar-far-2miljoner-i-skadestand\/"},"modified":"2010-07-14T15:45:00","modified_gmt":"2010-07-14T14:45:00","slug":"bild-pa-youghurt-i-8ar-far-2miljoner-i-skadestand","status":"publish","type":"post","link":"https:\/\/blogg.improveme.se\/gniztra\/2010\/07\/14\/bild-pa-youghurt-i-8ar-far-2miljoner-i-skadestand\/","title":{"rendered":"Bild p\u00e5 youghurt i 8\u00e5r..f\u00e5r 2miljoner i skadest\u00e5nd"},"content":{"rendered":"<p><img loading=\"lazy\" decoding=\"async\" src=\"http:\/\/static.expressen.se\/polopoly\/bilder\/2010\/07\/14\/1.2063768TS1279090401900_slot100slotWide75ArticleFull.jpg\" alt=\"\" width=\"420\" height=\"231\"><\/p>\n<p>Minas Karatzoglis, 77 s\u00e5g sin bild p\u00e5 youghurt i grekiska Delfi blev b\u00e5de rasande och kr\u00e4nkt n\u00e4r han uppt\u00e4ckte att<br \/>\nhans ansikte pryder yoghurtf\u00f6rpackningar i Sverige. S\u00e4rskilt som det<br \/>\nr\u00f6r sig om turkisk yoghurt.<br \/>S\u00e5 nu kr\u00e4ver han 50miljoner i skadest\u00e5nd men det lutar \u00e5t att han f\u00e5r 2miljoner..<br \/>\u00c4nd\u00e5 har han varit p\u00e5 deras f\u00f6rpackningar i \u00f6ver 8\u00e5r..<br \/>Och dragit in massa pengar..<\/p>\n<p>L\u00e4s mer h\u00e4r.<br \/>http:\/\/www.expressen.se\/Nyheter\/1.2063808\/greken-kallades-turk-far-2-miljoner<\/p>\n","protected":false},"excerpt":{"rendered":"<p>Minas Karatzoglis, 77 s\u00e5g sin bild p\u00e5 youghurt i grekiska Delfi blev b\u00e5de rasande och kr\u00e4nkt n\u00e4r han uppt\u00e4ckte att hans ansikte pryder yoghurtf\u00f6rpackningar i Sverige. S\u00e4rskilt som det r\u00f6r sig om turkisk yoghurt.S\u00e5 nu kr\u00e4ver han 50miljoner i skadest\u00e5nd men det lutar \u00e5t att han f\u00e5r 2miljoner..\u00c4nd\u00e5 har han varit p\u00e5 deras f\u00f6rpackningar i &#8230; <a title=\"Bild p\u00e5 youghurt i 8\u00e5r..f\u00e5r 2miljoner i skadest\u00e5nd\" class=\"read-more\" href=\"https:\/\/blogg.improveme.se\/gniztra\/2010\/07\/14\/bild-pa-youghurt-i-8ar-far-2miljoner-i-skadestand\/\" aria-label=\"L\u00e4s mer om Bild p\u00e5 youghurt i 8\u00e5r..f\u00e5r 2miljoner i skadest\u00e5nd\">L\u00e4s mer<\/a><\/p>\n","protected":false},"author":1702,"featured_media":0,"comment_status":"open","ping_status":"open","sticky":false,"template":"","format":"standard","meta":{"footnotes":""},"categories":[1],"tags":[],"class_list":["post-2923","post","type-post","status-publish","format-standard","hentry","category-okategoriserad"],"_links":{"self":[{"href":"https:\/\/blogg.improveme.se\/gniztra\/wp-json\/wp\/v2\/posts\/2923","targetHints":{"allow":["GET"]}}],"collection":[{"href":"https:\/\/blogg.improveme.se\/gniztra\/wp-json\/wp\/v2\/posts"}],"about":[{"href":"https:\/\/blogg.improveme.se\/gniztra\/wp-json\/wp\/v2\/types\/post"}],"author":[{"embeddable":true,"href":"https:\/\/blogg.improveme.se\/gniztra\/wp-json\/wp\/v2\/users\/1702"}],"replies":[{"embeddable":true,"href":"https:\/\/blogg.improveme.se\/gniztra\/wp-json\/wp\/v2\/comments?post=2923"}],"version-history":[{"count":0,"href":"https:\/\/blogg.improveme.se\/gniztra\/wp-json\/wp\/v2\/posts\/2923\/revisions"}],"wp:attachment":[{"href":"https:\/\/blogg.improveme.se\/gniztra\/wp-json\/wp\/v2\/media?parent=2923"}],"wp:term":[{"taxonomy":"category","embeddable":true,"href":"https:\/\/blogg.improveme.se\/gniztra\/wp-json\/wp\/v2\/categories?post=2923"},{"taxonomy":"post_tag","embeddable":true,"href":"https:\/\/blogg.improveme.se\/gniztra\/wp-json\/wp\/v2\/tags?post=2923"}],"curies":[{"name":"wp","href":"https:\/\/api.w.org\/{rel}","templated":true}]}}