{"id":293,"date":"2009-10-09T18:49:00","date_gmt":"2009-10-09T17:49:00","guid":{"rendered":"http:\/\/blogg.improveme.se\/gniztra\/2009\/10\/09\/stor-garderob-fylld-med-klader\/"},"modified":"2009-10-09T18:49:00","modified_gmt":"2009-10-09T17:49:00","slug":"stor-garderob-fylld-med-klader","status":"publish","type":"post","link":"https:\/\/blogg.improveme.se\/gniztra\/2009\/10\/09\/stor-garderob-fylld-med-klader\/","title":{"rendered":"STOR GARDEROB FYLLD MED KL\u00c4DER"},"content":{"rendered":"<p><span style=\"font-weight: bold;\">Rolig repris fr\u00e5n 1maj 09<\/span><br \/>Ni m\u00e5ste f\u00e5 se min fina garderob..<br \/>S\u00e5 stolt f\u00f6r jag och min man st\u00e4dade denna och fixade nya garderober till den f\u00f6r 1m\u00e5nad sen..och m\u00e5lade om ROSA.<br \/>Ni skulle sett hur den s\u00e5g ut innan..<br \/>H\u00e4r nya&nbsp; f\u00e4rgen..fluff i lampan..(-:<br \/>Tr\u00e4nings prylar till h\u00f6ger jag l\u00e4ngtar tills jag kan tr\u00e4na igen..<\/p>\n<p><img decoding=\"async\" src=\"http:\/\/s.improveme.se\/data\/filearchive\/20289.470x0.jpg\"><\/p>\n<p>Alla mina tr\u00f6jor..och l\u00e5ng kjolar..\u00e4nnu tr\u00e5ngt.<\/p>\n<p><img decoding=\"async\" src=\"http:\/\/s.improveme.se\/data\/filearchive\/20290.470x0.jpg\"><\/p>\n<p>Mina toppar..<\/p>\n<p><\/p>\n<p><img decoding=\"async\" src=\"http:\/\/s.improveme.se\/data\/filearchive\/20291.470x0.jpg\"><br \/>Alla jeans..<\/p>\n<p><\/p>\n<p><img decoding=\"async\" src=\"http:\/\/s.improveme.se\/data\/filearchive\/20292.470x0.jpg\"><\/p>\n<p>Alla kl\u00e4nningar.<br \/>Och arbetskl\u00e4der till v\u00e4nster.<br \/>Jag har redan b\u00f6rjat st\u00f6ka till<br \/>Dumma mig..<\/p>\n<p><img decoding=\"async\" src=\"http:\/\/s.improveme.se\/data\/filearchive\/20293.470x0.jpg\"><\/p>\n<p>Mina m\u00f6ssor..<br \/>M\u00e5nga m\u00f6ssor\/hattar m.m sen jag arbetade som Britney lookalike..<br \/>Till h\u00f6ger min jackgarderob men f\u00f6r st\u00f6kig f\u00f6r fotas..<\/p>\n<p><img decoding=\"async\" src=\"http:\/\/s.improveme.se\/data\/filearchive\/20294.470x0.jpg\"><\/p>\n<p>Mina v\u00e4skor..r\u00f6rigt..<\/p>\n<p><img decoding=\"async\" src=\"http:\/\/s.improveme.se\/data\/filearchive\/20295.470x0.jpg\"><\/p>\n<p>Mina v\u00e4skor ..tyv\u00e4rr ingen \u00e4kta louis vuitton..<\/p>\n<p><img decoding=\"async\" src=\"http:\/\/s.improveme.se\/data\/filearchive\/20296.470x0.jpg\"><\/p>\n<p>Tyv\u00e4rr har jag redan st\u00f6kat till det men what 2 do&#8230;<br \/>Iam only i human(-;<br \/>Puss.<\/p>\n","protected":false},"excerpt":{"rendered":"<p>Rolig repris fr\u00e5n 1maj 09Ni m\u00e5ste f\u00e5 se min fina garderob..S\u00e5 stolt f\u00f6r jag och min man st\u00e4dade denna och fixade nya garderober till den f\u00f6r 1m\u00e5nad sen..och m\u00e5lade om ROSA.Ni skulle sett hur den s\u00e5g ut innan..H\u00e4r nya&nbsp; f\u00e4rgen..fluff i lampan..(-:Tr\u00e4nings prylar till h\u00f6ger jag l\u00e4ngtar tills jag kan tr\u00e4na igen.. Alla mina tr\u00f6jor..och &#8230; <a title=\"STOR GARDEROB FYLLD MED KL\u00c4DER\" class=\"read-more\" href=\"https:\/\/blogg.improveme.se\/gniztra\/2009\/10\/09\/stor-garderob-fylld-med-klader\/\" aria-label=\"L\u00e4s mer om STOR GARDEROB FYLLD MED KL\u00c4DER\">L\u00e4s mer<\/a><\/p>\n","protected":false},"author":1702,"featured_media":0,"comment_status":"open","ping_status":"open","sticky":false,"template":"","format":"standard","meta":{"footnotes":""},"categories":[1],"tags":[],"class_list":["post-293","post","type-post","status-publish","format-standard","hentry","category-okategoriserad"],"_links":{"self":[{"href":"https:\/\/blogg.improveme.se\/gniztra\/wp-json\/wp\/v2\/posts\/293","targetHints":{"allow":["GET"]}}],"collection":[{"href":"https:\/\/blogg.improveme.se\/gniztra\/wp-json\/wp\/v2\/posts"}],"about":[{"href":"https:\/\/blogg.improveme.se\/gniztra\/wp-json\/wp\/v2\/types\/post"}],"author":[{"embeddable":true,"href":"https:\/\/blogg.improveme.se\/gniztra\/wp-json\/wp\/v2\/users\/1702"}],"replies":[{"embeddable":true,"href":"https:\/\/blogg.improveme.se\/gniztra\/wp-json\/wp\/v2\/comments?post=293"}],"version-history":[{"count":0,"href":"https:\/\/blogg.improveme.se\/gniztra\/wp-json\/wp\/v2\/posts\/293\/revisions"}],"wp:attachment":[{"href":"https:\/\/blogg.improveme.se\/gniztra\/wp-json\/wp\/v2\/media?parent=293"}],"wp:term":[{"taxonomy":"category","embeddable":true,"href":"https:\/\/blogg.improveme.se\/gniztra\/wp-json\/wp\/v2\/categories?post=293"},{"taxonomy":"post_tag","embeddable":true,"href":"https:\/\/blogg.improveme.se\/gniztra\/wp-json\/wp\/v2\/tags?post=293"}],"curies":[{"name":"wp","href":"https:\/\/api.w.org\/{rel}","templated":true}]}}