{"id":3677,"date":"2010-07-20T18:07:00","date_gmt":"2010-07-20T17:07:00","guid":{"rendered":"http:\/\/blogg.improveme.se\/gniztra\/2010\/07\/20\/semester-till-vykort\/"},"modified":"2010-07-20T18:07:00","modified_gmt":"2010-07-20T17:07:00","slug":"semester-till-vykort","status":"publish","type":"post","link":"https:\/\/blogg.improveme.se\/gniztra\/2010\/07\/20\/semester-till-vykort\/","title":{"rendered":"Semester till vykort"},"content":{"rendered":"<p>Tror nog att det kommer bli Schweiz&#8230;<br \/>Nu h\u00e4nger det bara p\u00e5 dom vi ska hyra l\u00e4genhet h\u00f6r av sig igen..<br \/>Is\u00e5fall \u00e5ker vi den 1ugusti-8augusti..<br \/>Till denna vykorts by..;-)<br \/><span><font size=\"5\"><em><font face=\"comic sans MS\"><strong>&nbsp; <img loading=\"lazy\" decoding=\"async\" alt=\"\" style=\"width: 565px; height: 296px;\" src=\"http:\/\/www.swisstipp.com\/images\/village_2_zs2r.jpg\" width=\"333\" height=\"249\"><\/strong><\/font><\/em><\/font><\/span><\/p>\n<p>H\u00e4r \u00e4r en video fr\u00e5n byn Lauterbrunnen d\u00e4r vi brukar bo..<br \/>Och ska bo i \u00e5r ox\u00e5!!!<br \/><object width=\"425\" height=\"344\"><param name=\"movie\" value=\"http:\/\/www.youtube.com\/v\/-UUFYh5vxlI&amp;hl=en_GB&amp;fs=1?color1=0xcc2550&amp;color2=0xe87a9f\"><param name=\"allowFullScreen\" value=\"true\"><param name=\"allowscriptaccess\" value=\"always\"><embed src=\"http:\/\/www.youtube.com\/v\/-UUFYh5vxlI&amp;hl=en_GB&amp;fs=1?color1=0xcc2550&amp;color2=0xe87a9f\" type=\"application\/x-shockwave-flash\" allowscriptaccess=\"always\" allowfullscreen=\"true\" width=\"425\" height=\"344\"><\/object><\/p>\n<p>Och detta \u00e4lskar jag!!<br \/><object width=\"425\" height=\"344\"><param name=\"movie\" value=\"http:\/\/www.youtube.com\/v\/XVCgqF6E4hc&amp;hl=en_GB&amp;fs=1?color1=0xcc2550&amp;color2=0xe87a9f\"><param name=\"allowFullScreen\" value=\"true\"><param name=\"allowscriptaccess\" value=\"always\"><embed src=\"http:\/\/www.youtube.com\/v\/XVCgqF6E4hc&amp;hl=en_GB&amp;fs=1?color1=0xcc2550&amp;color2=0xe87a9f\" type=\"application\/x-shockwave-flash\" allowscriptaccess=\"always\" allowfullscreen=\"true\" width=\"425\" height=\"344\"><\/object><\/p>\n","protected":false},"excerpt":{"rendered":"<p>Tror nog att det kommer bli Schweiz&#8230;Nu h\u00e4nger det bara p\u00e5 dom vi ska hyra l\u00e4genhet h\u00f6r av sig igen..Is\u00e5fall \u00e5ker vi den 1ugusti-8augusti..Till denna vykorts by..;-)&nbsp; H\u00e4r \u00e4r en video fr\u00e5n byn Lauterbrunnen d\u00e4r vi brukar bo..Och ska bo i \u00e5r ox\u00e5!!! Och detta \u00e4lskar jag!!<\/p>\n","protected":false},"author":1702,"featured_media":0,"comment_status":"open","ping_status":"open","sticky":false,"template":"","format":"standard","meta":{"footnotes":""},"categories":[1],"tags":[],"class_list":["post-3677","post","type-post","status-publish","format-standard","hentry","category-okategoriserad"],"_links":{"self":[{"href":"https:\/\/blogg.improveme.se\/gniztra\/wp-json\/wp\/v2\/posts\/3677","targetHints":{"allow":["GET"]}}],"collection":[{"href":"https:\/\/blogg.improveme.se\/gniztra\/wp-json\/wp\/v2\/posts"}],"about":[{"href":"https:\/\/blogg.improveme.se\/gniztra\/wp-json\/wp\/v2\/types\/post"}],"author":[{"embeddable":true,"href":"https:\/\/blogg.improveme.se\/gniztra\/wp-json\/wp\/v2\/users\/1702"}],"replies":[{"embeddable":true,"href":"https:\/\/blogg.improveme.se\/gniztra\/wp-json\/wp\/v2\/comments?post=3677"}],"version-history":[{"count":0,"href":"https:\/\/blogg.improveme.se\/gniztra\/wp-json\/wp\/v2\/posts\/3677\/revisions"}],"wp:attachment":[{"href":"https:\/\/blogg.improveme.se\/gniztra\/wp-json\/wp\/v2\/media?parent=3677"}],"wp:term":[{"taxonomy":"category","embeddable":true,"href":"https:\/\/blogg.improveme.se\/gniztra\/wp-json\/wp\/v2\/categories?post=3677"},{"taxonomy":"post_tag","embeddable":true,"href":"https:\/\/blogg.improveme.se\/gniztra\/wp-json\/wp\/v2\/tags?post=3677"}],"curies":[{"name":"wp","href":"https:\/\/api.w.org\/{rel}","templated":true}]}}