{"id":3875,"date":"2010-08-11T11:33:00","date_gmt":"2010-08-11T10:33:00","guid":{"rendered":"http:\/\/blogg.improveme.se\/gniztra\/2010\/08\/11\/allsangen-igar\/"},"modified":"2010-08-11T11:33:00","modified_gmt":"2010-08-11T10:33:00","slug":"allsangen-igar","status":"publish","type":"post","link":"https:\/\/blogg.improveme.se\/gniztra\/2010\/08\/11\/allsangen-igar\/","title":{"rendered":"Alls\u00e5ngen ig\u00e5r"},"content":{"rendered":"<p>Ig\u00e5r var vi p\u00e5 alls\u00e5ngen..<\/p>\n<p>Innan gick vi och k\u00e4ka utanf\u00f6r skansen<br \/>Cia och jag.<\/p>\n<p><a href=\"http:\/\/s.improveme.se\/data\/filearchive\/144084.0x0.jpg\" target=\"_BLANK\"><img decoding=\"async\" src=\"http:\/\/s.improveme.se\/data\/filearchive\/144084.510x0.jpg\" border=\"0\"><\/a><\/p>\n<p>Malin och mamma..<\/p>\n<p><a href=\"http:\/\/s.improveme.se\/data\/filearchive\/144087.0x0.jpg\" target=\"_BLANK\"><img decoding=\"async\" src=\"http:\/\/s.improveme.se\/data\/filearchive\/144087.510x0.jpg\" border=\"0\"><\/a><\/p>\n<p>Alls\u00e5ngs kv\u00e4ll..<\/p>\n<p><a href=\"http:\/\/s.improveme.se\/data\/filearchive\/144089.0x0.jpg\" target=\"_BLANK\"><img decoding=\"async\" src=\"http:\/\/s.improveme.se\/data\/filearchive\/144089.510x0.jpg\" border=\"0\"><\/a><\/p>\n<p>Charlotte perelli och Magnus carlsson sj\u00f6ng f\u00f6r dom nygifta..<\/p>\n<p><a href=\"http:\/\/s.improveme.se\/data\/filearchive\/144090.0x0.jpg\" target=\"_BLANK\"><img decoding=\"async\" src=\"http:\/\/s.improveme.se\/data\/filearchive\/144090.510x0.jpg\" border=\"0\"><\/a><\/p>\n<p>Tomas bodstr\u00f6m satt snett bakom oss med sin dotter<\/p>\n<p><a href=\"http:\/\/s.improveme.se\/data\/filearchive\/144091.0x0.jpg\" target=\"_BLANK\"><img decoding=\"async\" src=\"http:\/\/s.improveme.se\/data\/filearchive\/144091.510x0.jpg\" border=\"0\"><\/a><\/p>\n","protected":false},"excerpt":{"rendered":"<p>Ig\u00e5r var vi p\u00e5 alls\u00e5ngen.. Innan gick vi och k\u00e4ka utanf\u00f6r skansenCia och jag. Malin och mamma.. Alls\u00e5ngs kv\u00e4ll.. Charlotte perelli och Magnus carlsson sj\u00f6ng f\u00f6r dom nygifta.. Tomas bodstr\u00f6m satt snett bakom oss med sin dotter<\/p>\n","protected":false},"author":1702,"featured_media":0,"comment_status":"open","ping_status":"open","sticky":false,"template":"","format":"standard","meta":{"footnotes":""},"categories":[1],"tags":[],"class_list":["post-3875","post","type-post","status-publish","format-standard","hentry","category-okategoriserad"],"_links":{"self":[{"href":"https:\/\/blogg.improveme.se\/gniztra\/wp-json\/wp\/v2\/posts\/3875","targetHints":{"allow":["GET"]}}],"collection":[{"href":"https:\/\/blogg.improveme.se\/gniztra\/wp-json\/wp\/v2\/posts"}],"about":[{"href":"https:\/\/blogg.improveme.se\/gniztra\/wp-json\/wp\/v2\/types\/post"}],"author":[{"embeddable":true,"href":"https:\/\/blogg.improveme.se\/gniztra\/wp-json\/wp\/v2\/users\/1702"}],"replies":[{"embeddable":true,"href":"https:\/\/blogg.improveme.se\/gniztra\/wp-json\/wp\/v2\/comments?post=3875"}],"version-history":[{"count":0,"href":"https:\/\/blogg.improveme.se\/gniztra\/wp-json\/wp\/v2\/posts\/3875\/revisions"}],"wp:attachment":[{"href":"https:\/\/blogg.improveme.se\/gniztra\/wp-json\/wp\/v2\/media?parent=3875"}],"wp:term":[{"taxonomy":"category","embeddable":true,"href":"https:\/\/blogg.improveme.se\/gniztra\/wp-json\/wp\/v2\/categories?post=3875"},{"taxonomy":"post_tag","embeddable":true,"href":"https:\/\/blogg.improveme.se\/gniztra\/wp-json\/wp\/v2\/tags?post=3875"}],"curies":[{"name":"wp","href":"https:\/\/api.w.org\/{rel}","templated":true}]}}