{"id":4020,"date":"2010-06-15T22:58:00","date_gmt":"2010-06-15T21:58:00","guid":{"rendered":"http:\/\/blogg.improveme.se\/gniztra\/2010\/06\/15\/nanne-gronwall-bilder-kungstradgarden\/"},"modified":"2010-06-15T22:58:00","modified_gmt":"2010-06-15T21:58:00","slug":"nanne-gronwall-bilder-kungstradgarden","status":"publish","type":"post","link":"https:\/\/blogg.improveme.se\/gniztra\/2010\/06\/15\/nanne-gronwall-bilder-kungstradgarden\/","title":{"rendered":"Nanne Gr\u00f6nwall bilder kungstr\u00e4dg\u00e5rden"},"content":{"rendered":"<p>Nanne var i kv\u00e4ll i Kungsan.<br \/>Snacka om bra konsert hon \u00e4r som ett yrv\u00e4der..<br \/>Jag digga och sjung med i alla l\u00e5tar..<\/p>\n<p>Outfit.<\/p>\n<p><a href=\"http:\/\/s.improveme.se\/data\/filearchive\/133031.0x0.jpg\" target=\"_BLANK\"><img decoding=\"async\" src=\"http:\/\/s.improveme.se\/data\/filearchive\/133031.510x0.jpg\" border=\"0\"><\/a><\/p>\n<p>Lilla Nanne p\u00e5 scenen..<\/p>\n<p><a href=\"http:\/\/s.improveme.se\/data\/filearchive\/133032.0x0.jpg\" target=\"_BLANK\"><img decoding=\"async\" src=\"http:\/\/s.improveme.se\/data\/filearchive\/133032.510x0.jpg\" border=\"0\"><\/a><\/p>\n<p>Ganska mycket folk..<\/p>\n<p><a href=\"http:\/\/s.improveme.se\/data\/filearchive\/133033.0x0.jpg\" target=\"_BLANK\"><img decoding=\"async\" src=\"http:\/\/s.improveme.se\/data\/filearchive\/133033.510x0.jpg\" border=\"0\"><\/a><\/p>\n<p>Man kunde sova tillsammans i stan..okej..<\/p>\n<p><a href=\"http:\/\/s.improveme.se\/data\/filearchive\/133034.0x0.jpg\" target=\"_BLANK\"><img decoding=\"async\" src=\"http:\/\/s.improveme.se\/data\/filearchive\/133034.510x0.jpg\" border=\"0\"><\/a><\/p>\n<p>Tillsammans<\/p>\n<p><a href=\"http:\/\/s.improveme.se\/data\/filearchive\/133035.0x0.jpg\" target=\"_BLANK\"><img decoding=\"async\" src=\"http:\/\/s.improveme.se\/data\/filearchive\/133035.510x0.jpg\" border=\"0\"><\/a><\/p>\n","protected":false},"excerpt":{"rendered":"<p>Nanne var i kv\u00e4ll i Kungsan.Snacka om bra konsert hon \u00e4r som ett yrv\u00e4der..Jag digga och sjung med i alla l\u00e5tar.. Outfit. Lilla Nanne p\u00e5 scenen.. Ganska mycket folk.. Man kunde sova tillsammans i stan..okej.. Tillsammans<\/p>\n","protected":false},"author":1702,"featured_media":0,"comment_status":"open","ping_status":"open","sticky":false,"template":"","format":"standard","meta":{"footnotes":""},"categories":[1],"tags":[],"class_list":["post-4020","post","type-post","status-publish","format-standard","hentry","category-okategoriserad"],"_links":{"self":[{"href":"https:\/\/blogg.improveme.se\/gniztra\/wp-json\/wp\/v2\/posts\/4020","targetHints":{"allow":["GET"]}}],"collection":[{"href":"https:\/\/blogg.improveme.se\/gniztra\/wp-json\/wp\/v2\/posts"}],"about":[{"href":"https:\/\/blogg.improveme.se\/gniztra\/wp-json\/wp\/v2\/types\/post"}],"author":[{"embeddable":true,"href":"https:\/\/blogg.improveme.se\/gniztra\/wp-json\/wp\/v2\/users\/1702"}],"replies":[{"embeddable":true,"href":"https:\/\/blogg.improveme.se\/gniztra\/wp-json\/wp\/v2\/comments?post=4020"}],"version-history":[{"count":0,"href":"https:\/\/blogg.improveme.se\/gniztra\/wp-json\/wp\/v2\/posts\/4020\/revisions"}],"wp:attachment":[{"href":"https:\/\/blogg.improveme.se\/gniztra\/wp-json\/wp\/v2\/media?parent=4020"}],"wp:term":[{"taxonomy":"category","embeddable":true,"href":"https:\/\/blogg.improveme.se\/gniztra\/wp-json\/wp\/v2\/categories?post=4020"},{"taxonomy":"post_tag","embeddable":true,"href":"https:\/\/blogg.improveme.se\/gniztra\/wp-json\/wp\/v2\/tags?post=4020"}],"curies":[{"name":"wp","href":"https:\/\/api.w.org\/{rel}","templated":true}]}}