{"id":4145,"date":"2010-08-16T21:13:00","date_gmt":"2010-08-16T20:13:00","guid":{"rendered":"http:\/\/blogg.improveme.se\/gniztra\/2010\/08\/16\/fashion-week-modevisning-berns-camilla\/"},"modified":"2010-08-16T21:13:00","modified_gmt":"2010-08-16T20:13:00","slug":"fashion-week-modevisning-berns-camilla","status":"publish","type":"post","link":"https:\/\/blogg.improveme.se\/gniztra\/2010\/08\/16\/fashion-week-modevisning-berns-camilla\/","title":{"rendered":"Fashion week modevisning Berns Camilla"},"content":{"rendered":"<p>Idag var mam och jag p\u00e5 modevisning p\u00e5 Berns.<br \/>Camilla Norrbacks.<br \/>Varade bara i 12min..<\/p>\n<p>Mams outfit:-)<\/p>\n<p><a href=\"http:\/\/s.improveme.se\/data\/filearchive\/145286.0x0.jpg\" target=\"_BLANK\"><img decoding=\"async\" src=\"http:\/\/s.improveme.se\/data\/filearchive\/145286.510x0.jpg\" border=\"0\"><\/a><\/p>\n<p>Min outfit:;-)<\/p>\n<p><a href=\"http:\/\/s.improveme.se\/data\/filearchive\/145287.0x0.jpg\" target=\"_BLANK\"><img decoding=\"async\" src=\"http:\/\/s.improveme.se\/data\/filearchive\/145287.510x0.jpg\" border=\"0\"><\/a><\/p>\n<p>Vi tog en \u00f6l inne p\u00e5 Berns innan det b\u00f6rjade..<\/p>\n<p><a href=\"http:\/\/s.improveme.se\/data\/filearchive\/145288.0x0.jpg\" target=\"_BLANK\"><img decoding=\"async\" src=\"http:\/\/s.improveme.se\/data\/filearchive\/145288.510x0.jpg\" border=\"0\"><\/a><\/p>\n<p>Moi:-)<br \/>Mitt linne passar det st\u00e5r Fashion rebell p\u00e5 det haha<\/p>\n<p><a href=\"http:\/\/s.improveme.se\/data\/filearchive\/145289.0x0.jpg\" target=\"_BLANK\"><img decoding=\"async\" src=\"http:\/\/s.improveme.se\/data\/filearchive\/145289.510x0.jpg\" border=\"0\"><\/a><\/p>\n<p>Modevisningen..<br \/>Den enda k\u00e4ndis jag k\u00e4nde igen var Elin Kling som satt i publiken..<br \/>Vi satt p\u00e5 Vip l\u00e4ktaren&nbsp; ..:-)<\/p>\n<p><a href=\"http:\/\/s.improveme.se\/data\/filearchive\/145290.0x0.jpg\" target=\"_BLANK\"><img decoding=\"async\" src=\"http:\/\/s.improveme.se\/data\/filearchive\/145290.510x0.jpg\" border=\"0\"><\/a><\/p>\n<p>Mode..ingen bra kamera f\u00f6r fota inne..<\/p>\n<p><a href=\"http:\/\/s.improveme.se\/data\/filearchive\/145291.0x0.jpg\" target=\"_BLANK\"><img decoding=\"async\" src=\"http:\/\/s.improveme.se\/data\/filearchive\/145291.510x0.jpg\" border=\"0\"><\/a><\/p>\n<p>Sen efter 12min var det slut..<br \/>Men kul \u00e4nd\u00e5..<\/p>\n","protected":false},"excerpt":{"rendered":"<p>Idag var mam och jag p\u00e5 modevisning p\u00e5 Berns.Camilla Norrbacks.Varade bara i 12min.. Mams outfit:-) Min outfit:;-) Vi tog en \u00f6l inne p\u00e5 Berns innan det b\u00f6rjade.. Moi:-)Mitt linne passar det st\u00e5r Fashion rebell p\u00e5 det haha Modevisningen..Den enda k\u00e4ndis jag k\u00e4nde igen var Elin Kling som satt i publiken..Vi satt p\u00e5 Vip l\u00e4ktaren&nbsp; ..:-) &#8230; <a title=\"Fashion week modevisning Berns Camilla\" class=\"read-more\" href=\"https:\/\/blogg.improveme.se\/gniztra\/2010\/08\/16\/fashion-week-modevisning-berns-camilla\/\" aria-label=\"L\u00e4s mer om Fashion week modevisning Berns Camilla\">L\u00e4s mer<\/a><\/p>\n","protected":false},"author":1702,"featured_media":0,"comment_status":"open","ping_status":"open","sticky":false,"template":"","format":"standard","meta":{"footnotes":""},"categories":[1],"tags":[],"class_list":["post-4145","post","type-post","status-publish","format-standard","hentry","category-okategoriserad"],"_links":{"self":[{"href":"https:\/\/blogg.improveme.se\/gniztra\/wp-json\/wp\/v2\/posts\/4145","targetHints":{"allow":["GET"]}}],"collection":[{"href":"https:\/\/blogg.improveme.se\/gniztra\/wp-json\/wp\/v2\/posts"}],"about":[{"href":"https:\/\/blogg.improveme.se\/gniztra\/wp-json\/wp\/v2\/types\/post"}],"author":[{"embeddable":true,"href":"https:\/\/blogg.improveme.se\/gniztra\/wp-json\/wp\/v2\/users\/1702"}],"replies":[{"embeddable":true,"href":"https:\/\/blogg.improveme.se\/gniztra\/wp-json\/wp\/v2\/comments?post=4145"}],"version-history":[{"count":0,"href":"https:\/\/blogg.improveme.se\/gniztra\/wp-json\/wp\/v2\/posts\/4145\/revisions"}],"wp:attachment":[{"href":"https:\/\/blogg.improveme.se\/gniztra\/wp-json\/wp\/v2\/media?parent=4145"}],"wp:term":[{"taxonomy":"category","embeddable":true,"href":"https:\/\/blogg.improveme.se\/gniztra\/wp-json\/wp\/v2\/categories?post=4145"},{"taxonomy":"post_tag","embeddable":true,"href":"https:\/\/blogg.improveme.se\/gniztra\/wp-json\/wp\/v2\/tags?post=4145"}],"curies":[{"name":"wp","href":"https:\/\/api.w.org\/{rel}","templated":true}]}}