{"id":13730,"date":"2015-11-30T23:03:17","date_gmt":"2015-11-30T22:03:17","guid":{"rendered":"http:\/\/blogg.improveme.se\/imanaldebe\/?p=13730"},"modified":"2015-12-01T00:46:19","modified_gmt":"2015-11-30T23:46:19","slug":"the-night-before","status":"publish","type":"post","link":"https:\/\/blogg.improveme.se\/imanaldebe\/2015\/11\/30\/the-night-before\/","title":{"rendered":"The Night Before"},"content":{"rendered":"<p><a href=\"http:\/\/blogg.improveme.se\/imanaldebe\/files\/2015\/11\/wpid-wp-1448920739543.jpg\"><img decoding=\"async\" class=\"alignnone size-full\" title=\"wp-1448920739543\" src=\"http:\/\/blogg.improveme.se\/imanaldebe\/files\/2015\/11\/wpid-wp-1448920739543.jpg\" alt=\"image\" \/><\/a><\/p>\n<p><a href=\"http:\/\/blogg.improveme.se\/imanaldebe\/files\/2015\/11\/wpid-wp-1448921291377.jpg\"><img decoding=\"async\" class=\"alignnone size-full\" title=\"wp-1448921291377\" src=\"http:\/\/blogg.improveme.se\/imanaldebe\/files\/2015\/11\/wpid-wp-1448921291377.jpg\" alt=\"image\" \/><\/a><\/p>\n<p>Jag och mina v\u00e4ninnor Rosanna &amp; Sara drog p\u00e5 biopremi\u00e4ren <strong>The Night Before<\/strong>, en julfilm som snart g\u00e5r p\u00e5 bio \ud83d\ude42 Snyggingen <em>Joseph Gorden<\/em> och <em>Miley Cyrus<\/em> \u00e4r med i filmen \ud83d\ude09<\/p>\n<p style=\"text-align: center\">Vi drog sen p\u00e5 restaurang och \u00e5t en grym middag!<\/p>\n<p><a href=\"http:\/\/blogg.improveme.se\/imanaldebe\/files\/2015\/11\/wpid-wp-1448921041845.jpg\"><img decoding=\"async\" class=\"alignnone size-full\" title=\"wp-1448921041845\" src=\"http:\/\/blogg.improveme.se\/imanaldebe\/files\/2015\/11\/wpid-wp-1448921041845.jpg\" alt=\"image\" \/><\/a><\/p>\n<p style=\"text-align: center\">xoxo<\/p>\n","protected":false},"excerpt":{"rendered":"<p>Jag och mina v\u00e4ninnor Rosanna &amp; Sara drog p\u00e5 biopremi\u00e4ren The Night Before, en julfilm som snart g\u00e5r p\u00e5 bio \ud83d\ude42 Snyggingen Joseph Gorden och Miley Cyrus \u00e4r med i filmen \ud83d\ude09 Vi drog sen p\u00e5 restaurang och \u00e5t en grym middag! xoxo<\/p>\n","protected":false},"author":5987,"featured_media":0,"comment_status":"open","ping_status":"open","sticky":false,"template":"","format":"standard","meta":{"footnotes":""},"categories":[1],"tags":[],"class_list":["post-13730","post","type-post","status-publish","format-standard","hentry","category-okategoriserad"],"_links":{"self":[{"href":"https:\/\/blogg.improveme.se\/imanaldebe\/wp-json\/wp\/v2\/posts\/13730","targetHints":{"allow":["GET"]}}],"collection":[{"href":"https:\/\/blogg.improveme.se\/imanaldebe\/wp-json\/wp\/v2\/posts"}],"about":[{"href":"https:\/\/blogg.improveme.se\/imanaldebe\/wp-json\/wp\/v2\/types\/post"}],"author":[{"embeddable":true,"href":"https:\/\/blogg.improveme.se\/imanaldebe\/wp-json\/wp\/v2\/users\/5987"}],"replies":[{"embeddable":true,"href":"https:\/\/blogg.improveme.se\/imanaldebe\/wp-json\/wp\/v2\/comments?post=13730"}],"version-history":[{"count":0,"href":"https:\/\/blogg.improveme.se\/imanaldebe\/wp-json\/wp\/v2\/posts\/13730\/revisions"}],"wp:attachment":[{"href":"https:\/\/blogg.improveme.se\/imanaldebe\/wp-json\/wp\/v2\/media?parent=13730"}],"wp:term":[{"taxonomy":"category","embeddable":true,"href":"https:\/\/blogg.improveme.se\/imanaldebe\/wp-json\/wp\/v2\/categories?post=13730"},{"taxonomy":"post_tag","embeddable":true,"href":"https:\/\/blogg.improveme.se\/imanaldebe\/wp-json\/wp\/v2\/tags?post=13730"}],"curies":[{"name":"wp","href":"https:\/\/api.w.org\/{rel}","templated":true}]}}