{"id":1116,"date":"2013-12-19T22:06:28","date_gmt":"2013-12-19T21:06:28","guid":{"rendered":"http:\/\/blogg.improveme.se\/jennijakobsson\/?p=1116"},"modified":"2013-12-20T01:40:30","modified_gmt":"2013-12-20T00:40:30","slug":"sur","status":"publish","type":"post","link":"https:\/\/blogg.improveme.se\/jennijakobsson\/2013\/12\/19\/sur\/","title":{"rendered":"Sur.."},"content":{"rendered":"<p>Det v\u00e4rsta kan nog vara att man blir tilltalad \u00a0p\u00e5 det s\u00e4ttet man talar till en 2 \u00e5ring.. klart man tappar mycket av respekten till den m\u00e4nniskan.. :\/ vilket \u00e4r synd.. allt detta har att g\u00f6ra med innebandyn.. det g\u00e5r inte s\u00e5 bra f\u00f6r mig just nu, \u00e4r s\u00e5 os\u00e4ker, har tappat mitt sj\u00e4lvf\u00f6rtroende.. \ud83d\ude41 allt jag g\u00f6r blir bara fel och har tappat t\u00e5lamodet p\u00e5 &#8221;sk\u00e4mten&#8221; jag tar \u00e5t mig eller blir sur.. \u00e5\u00e5\u00e5\u00e5h!!! Det \u00e4r s\u00e5 mycket som st\u00f6r mig.. vad ska jag g\u00f6ra tro? f\u00f6r att prata funkar nog inte eftersom att personen inte lyssnar p\u00e5 mig.. och jag \u00e4r en v\u00e4ldigt k\u00e4nslig m\u00e4nniska och det t\u00e5ras alltid i \u00f6gonen p\u00e5 mig n\u00e4r jag ska prata allvar om vad jag sj\u00e4lv tycker om n\u00e5got.. vet inte varf\u00f6r :S \u00e4r det p-pillren som g\u00f6r det??? kan det vara s\u00e5..? I alla fall jag \u00e4r k\u00e4nslig som en stucken gris.. \ud83d\ude1b<\/p>\n<p>Men det var \u00e4nd\u00e5 en mysig tr\u00e4ning (som inte var i v\u00e5ran egna hall) Det var n\u00e5gra som hade match p\u00e5 v\u00e5ran tr\u00e4ningstid.. det blev lite pepparkakor, juleskum, julmust och klementiner efter tr\u00e4ningen s\u00e5klart d\u00e5 \ud83d\ude42<\/p>\n","protected":false},"excerpt":{"rendered":"<p>Det v\u00e4rsta kan nog vara att man blir tilltalad \u00a0p\u00e5 det s\u00e4ttet man talar till en 2 \u00e5ring.. klart man tappar mycket av respekten till den m\u00e4nniskan.. :\/ vilket \u00e4r synd.. allt detta har att g\u00f6ra med innebandyn.. det g\u00e5r inte s\u00e5 bra f\u00f6r mig just nu, \u00e4r s\u00e5 os\u00e4ker, har tappat mitt sj\u00e4lvf\u00f6rtroende.. \ud83d\ude41 &#8230; <a title=\"Sur..\" class=\"read-more\" href=\"https:\/\/blogg.improveme.se\/jennijakobsson\/2013\/12\/19\/sur\/\" aria-label=\"L\u00e4s mer om Sur..\">L\u00e4s mer<\/a><\/p>\n","protected":false},"author":5765,"featured_media":0,"comment_status":"open","ping_status":"open","sticky":false,"template":"","format":"standard","meta":{"footnotes":""},"categories":[1],"tags":[],"class_list":["post-1116","post","type-post","status-publish","format-standard","hentry","category-okategoriserad"],"_links":{"self":[{"href":"https:\/\/blogg.improveme.se\/jennijakobsson\/wp-json\/wp\/v2\/posts\/1116","targetHints":{"allow":["GET"]}}],"collection":[{"href":"https:\/\/blogg.improveme.se\/jennijakobsson\/wp-json\/wp\/v2\/posts"}],"about":[{"href":"https:\/\/blogg.improveme.se\/jennijakobsson\/wp-json\/wp\/v2\/types\/post"}],"author":[{"embeddable":true,"href":"https:\/\/blogg.improveme.se\/jennijakobsson\/wp-json\/wp\/v2\/users\/5765"}],"replies":[{"embeddable":true,"href":"https:\/\/blogg.improveme.se\/jennijakobsson\/wp-json\/wp\/v2\/comments?post=1116"}],"version-history":[{"count":0,"href":"https:\/\/blogg.improveme.se\/jennijakobsson\/wp-json\/wp\/v2\/posts\/1116\/revisions"}],"wp:attachment":[{"href":"https:\/\/blogg.improveme.se\/jennijakobsson\/wp-json\/wp\/v2\/media?parent=1116"}],"wp:term":[{"taxonomy":"category","embeddable":true,"href":"https:\/\/blogg.improveme.se\/jennijakobsson\/wp-json\/wp\/v2\/categories?post=1116"},{"taxonomy":"post_tag","embeddable":true,"href":"https:\/\/blogg.improveme.se\/jennijakobsson\/wp-json\/wp\/v2\/tags?post=1116"}],"curies":[{"name":"wp","href":"https:\/\/api.w.org\/{rel}","templated":true}]}}