{"id":1289,"date":"2014-01-10T23:33:35","date_gmt":"2014-01-10T22:33:35","guid":{"rendered":"http:\/\/blogg.improveme.se\/jennijakobsson\/?p=1289"},"modified":"2014-01-22T01:37:38","modified_gmt":"2014-01-22T00:37:38","slug":"en-lang-fredag","status":"publish","type":"post","link":"https:\/\/blogg.improveme.se\/jennijakobsson\/2014\/01\/10\/en-lang-fredag\/","title":{"rendered":"En L\u00e5ng Fredag.."},"content":{"rendered":"<p>Denna fredagen b\u00f6rja med att jag och mamma \u00e5kte till Varberg p\u00e5 morgonen och k\u00f6pte en dop present till Elise \ud83d\ude42 Sen tillbaka hem f\u00f6r att forts\u00e4tta att baka och s\u00e5nt! s\u00e5 mycket att g\u00f6ra!! :S Vid ca 6 tiden \u00e5kte jag och Malin till lokalen och ah fler kom sen ocks\u00e5 dit. Lokalen som vi \u00e5kte till \u00e4r den vi ska vara i imorgon efter dopet. S\u00e5 vi fixade i ordning allt och s\u00e5.. \ud83d\ude1b eller ah dukningen. Och h\u00e4r \u00e4r en liten sneak peak p\u00e5 vilka f\u00e4rger och blommorna \ud83d\ude42 Jag gjorde dessa blommor, passar mig som \u00e4r perfektionist.. suck! \ud83d\ude1b Haha<\/p>\n<p>Efter all f\u00f6rberedelse som kunde g\u00f6ras s\u00e5 \u00e5kte vi hem och tog det lite lugnt \ud83d\ude42 Viktor kom \u00e4ven sen f\u00f6r han ska ju vara med imorgon s\u00e5klart och b\u00e4st att han sover hos mig \ud83d\ude1b<\/p>\n<p><a href=\"http:\/\/blogg.improveme.se\/jennijakobsson\/files\/2014\/01\/IMG_72701.jpg\"><img loading=\"lazy\" decoding=\"async\" class=\"aligncenter size-full wp-image-1290\" src=\"http:\/\/blogg.improveme.se\/jennijakobsson\/files\/2014\/01\/IMG_72701.jpg\" alt=\"\" width=\"682\" height=\"1024\" srcset=\"https:\/\/blogg.improveme.se\/jennijakobsson\/files\/2014\/01\/IMG_72701.jpg 682w, https:\/\/blogg.improveme.se\/jennijakobsson\/files\/2014\/01\/IMG_72701-199x300.jpg 199w, https:\/\/blogg.improveme.se\/jennijakobsson\/files\/2014\/01\/IMG_72701-452x680.jpg 452w\" sizes=\"auto, (max-width: 682px) 100vw, 682px\" \/><\/a><\/p>\n","protected":false},"excerpt":{"rendered":"<p>Denna fredagen b\u00f6rja med att jag och mamma \u00e5kte till Varberg p\u00e5 morgonen och k\u00f6pte en dop present till Elise \ud83d\ude42 Sen tillbaka hem f\u00f6r att forts\u00e4tta att baka och s\u00e5nt! s\u00e5 mycket att g\u00f6ra!! :S Vid ca 6 tiden \u00e5kte jag och Malin till lokalen och ah fler kom sen ocks\u00e5 dit. Lokalen som &#8230; <a title=\"En L\u00e5ng Fredag..\" class=\"read-more\" href=\"https:\/\/blogg.improveme.se\/jennijakobsson\/2014\/01\/10\/en-lang-fredag\/\" aria-label=\"L\u00e4s mer om En L\u00e5ng Fredag..\">L\u00e4s mer<\/a><\/p>\n","protected":false},"author":5765,"featured_media":0,"comment_status":"open","ping_status":"open","sticky":false,"template":"","format":"standard","meta":{"footnotes":""},"categories":[1],"tags":[],"class_list":["post-1289","post","type-post","status-publish","format-standard","hentry","category-okategoriserad"],"_links":{"self":[{"href":"https:\/\/blogg.improveme.se\/jennijakobsson\/wp-json\/wp\/v2\/posts\/1289","targetHints":{"allow":["GET"]}}],"collection":[{"href":"https:\/\/blogg.improveme.se\/jennijakobsson\/wp-json\/wp\/v2\/posts"}],"about":[{"href":"https:\/\/blogg.improveme.se\/jennijakobsson\/wp-json\/wp\/v2\/types\/post"}],"author":[{"embeddable":true,"href":"https:\/\/blogg.improveme.se\/jennijakobsson\/wp-json\/wp\/v2\/users\/5765"}],"replies":[{"embeddable":true,"href":"https:\/\/blogg.improveme.se\/jennijakobsson\/wp-json\/wp\/v2\/comments?post=1289"}],"version-history":[{"count":0,"href":"https:\/\/blogg.improveme.se\/jennijakobsson\/wp-json\/wp\/v2\/posts\/1289\/revisions"}],"wp:attachment":[{"href":"https:\/\/blogg.improveme.se\/jennijakobsson\/wp-json\/wp\/v2\/media?parent=1289"}],"wp:term":[{"taxonomy":"category","embeddable":true,"href":"https:\/\/blogg.improveme.se\/jennijakobsson\/wp-json\/wp\/v2\/categories?post=1289"},{"taxonomy":"post_tag","embeddable":true,"href":"https:\/\/blogg.improveme.se\/jennijakobsson\/wp-json\/wp\/v2\/tags?post=1289"}],"curies":[{"name":"wp","href":"https:\/\/api.w.org\/{rel}","templated":true}]}}