{"id":1383,"date":"2014-03-04T12:10:03","date_gmt":"2014-03-04T11:10:03","guid":{"rendered":"http:\/\/blogg.improveme.se\/jennijakobsson\/?p=1383"},"modified":"2014-03-10T02:12:34","modified_gmt":"2014-03-10T01:12:34","slug":"skola","status":"publish","type":"post","link":"https:\/\/blogg.improveme.se\/jennijakobsson\/2014\/03\/04\/skola\/","title":{"rendered":"Skola!"},"content":{"rendered":"<p>Sitter och v\u00e4ntar p\u00e5 en j\u00e4tte skola.. har precis varit p\u00e5 ett informations m\u00f6te om en utbildning i V\u00e5rd och Omsorg \ud83d\ude42 ja, jag ska antagligen b\u00f6rja plugga igen! \ud83d\ude42 varf\u00f6r inte liksom? Jag har inget jobb och d\u00e5 kan jag lika v\u00e4l utbilda mig mer! \ud83d\ude1b \u00a0Men m\u00e5ste klara Svenska provet som jag ska g\u00f6ra klockan 1, s\u00e5 sitter utanf\u00f6r salen och v\u00e4ntar.. Jag \u00e4r inte rasistisk eller n\u00e5got men 80% av alla som \u00e4r p\u00e5 denna informations dagen \u00e4r inte fr\u00e5n Sverige fr\u00e5n b\u00f6rjan.. vissa kan knappt prata svenska.. S\u00e5 det ska bli j\u00e4tte intressant n\u00e4r dom ska g\u00f6ra Svenska provet, detta \u00e4r tydligen n\u00e5got special prov.. inte som ett vanligt svenska prov man gjorde i grundskolan eller gymnasiet.. S\u00e5 jag sj\u00e4lv \u00e4r j\u00e4tte nerv\u00f6s f\u00f6r n\u00e4r jag stressar s\u00e5 tappar jag bort mig och g\u00f6r massa fel.. S\u00e5 jag h\u00e5ller verkligen tummarna p\u00e5 att detta g\u00e5r bra! \ud83d\ude42<\/p>\n","protected":false},"excerpt":{"rendered":"<p>Sitter och v\u00e4ntar p\u00e5 en j\u00e4tte skola.. har precis varit p\u00e5 ett informations m\u00f6te om en utbildning i V\u00e5rd och Omsorg \ud83d\ude42 ja, jag ska antagligen b\u00f6rja plugga igen! \ud83d\ude42 varf\u00f6r inte liksom? Jag har inget jobb och d\u00e5 kan jag lika v\u00e4l utbilda mig mer! \ud83d\ude1b \u00a0Men m\u00e5ste klara Svenska provet som jag ska &#8230; <a title=\"Skola!\" class=\"read-more\" href=\"https:\/\/blogg.improveme.se\/jennijakobsson\/2014\/03\/04\/skola\/\" aria-label=\"L\u00e4s mer om Skola!\">L\u00e4s mer<\/a><\/p>\n","protected":false},"author":5765,"featured_media":0,"comment_status":"open","ping_status":"open","sticky":false,"template":"","format":"standard","meta":{"footnotes":""},"categories":[1],"tags":[],"class_list":["post-1383","post","type-post","status-publish","format-standard","hentry","category-okategoriserad"],"_links":{"self":[{"href":"https:\/\/blogg.improveme.se\/jennijakobsson\/wp-json\/wp\/v2\/posts\/1383","targetHints":{"allow":["GET"]}}],"collection":[{"href":"https:\/\/blogg.improveme.se\/jennijakobsson\/wp-json\/wp\/v2\/posts"}],"about":[{"href":"https:\/\/blogg.improveme.se\/jennijakobsson\/wp-json\/wp\/v2\/types\/post"}],"author":[{"embeddable":true,"href":"https:\/\/blogg.improveme.se\/jennijakobsson\/wp-json\/wp\/v2\/users\/5765"}],"replies":[{"embeddable":true,"href":"https:\/\/blogg.improveme.se\/jennijakobsson\/wp-json\/wp\/v2\/comments?post=1383"}],"version-history":[{"count":0,"href":"https:\/\/blogg.improveme.se\/jennijakobsson\/wp-json\/wp\/v2\/posts\/1383\/revisions"}],"wp:attachment":[{"href":"https:\/\/blogg.improveme.se\/jennijakobsson\/wp-json\/wp\/v2\/media?parent=1383"}],"wp:term":[{"taxonomy":"category","embeddable":true,"href":"https:\/\/blogg.improveme.se\/jennijakobsson\/wp-json\/wp\/v2\/categories?post=1383"},{"taxonomy":"post_tag","embeddable":true,"href":"https:\/\/blogg.improveme.se\/jennijakobsson\/wp-json\/wp\/v2\/tags?post=1383"}],"curies":[{"name":"wp","href":"https:\/\/api.w.org\/{rel}","templated":true}]}}