{"id":1406,"date":"2014-02-24T22:09:07","date_gmt":"2014-02-24T21:09:07","guid":{"rendered":"http:\/\/blogg.improveme.se\/jennijakobsson\/?p=1406"},"modified":"2014-03-10T02:15:04","modified_gmt":"2014-03-10T01:15:04","slug":"24-februari","status":"publish","type":"post","link":"https:\/\/blogg.improveme.se\/jennijakobsson\/2014\/02\/24\/24-februari\/","title":{"rendered":"24 Februari"},"content":{"rendered":"<p>Vaknar tidigt av att Elise pratar h\u00f6gt och av magsm\u00e4rtor.. Har mest legat i s\u00e4ngen hela dagen har inte orkat g\u00f6ra s\u00e5 mycket.. Gick upp senare och duscha, f\u00f6r det \u00e4r s\u00e5 j\u00e4kla g\u00f6tt n\u00e4r man k\u00e4nner sig \u00e4cklig! \ud83d\ude42 Alltid uppfriskande \ud83d\ude42 Har varit underbart v\u00e4der idag! V\u00e5r v\u00e4der kan man s\u00e4ga! V\u00e5r k\u00e4nslorna kommer verkligen n\u00e4r krokusen kommit upp! \ud83d\ude42 Vilket dom har! Fick h\u00f6ra ocks\u00e5 att Vivve m\u00e5r bra allt s\u00e5g bra ut! sl\u00e4ppte oron f\u00f6r det \ud83d\ude42 stackarn.. \u00a0P\u00e5 kv\u00e4llen \u00e5kte jag till Vallda och kollade n\u00e4r laget spelade match mot Vinberg. Alice och Sophie stod men vi f\u00f6rlorade med 3-1.. Det l\u00e4skigaste var n\u00e4r innan jag kom till hallen var jag tvungen att stanna p\u00e5 en bussh\u00e5llplats.. :S Jag fick s\u00e5dana otroliga magkramper.. Kunde inte andas :\/ Som tur var s\u00e5 \u00e5kte mamma i en bil bakom mig f\u00f6r hon var p\u00e5 v\u00e4g till jobbet s\u00e5 hon stannade och lugnade ner mig och hj\u00e4lpte mig igenom sm\u00e4rtan.. Den gick \u00f6ver, men jag blev verkligen r\u00e4dd och har verkligen ingen aning om vad det kunde vara :S<\/p>\n<p><a href=\"http:\/\/blogg.improveme.se\/jennijakobsson\/files\/2014\/03\/IMG_77591.jpg\"><img loading=\"lazy\" decoding=\"async\" class=\"aligncenter size-full wp-image-1407\" alt=\"IMG_77591\" src=\"http:\/\/blogg.improveme.se\/jennijakobsson\/files\/2014\/03\/IMG_77591.jpg\" width=\"1536\" height=\"1024\" srcset=\"https:\/\/blogg.improveme.se\/jennijakobsson\/files\/2014\/03\/IMG_77591.jpg 1536w, https:\/\/blogg.improveme.se\/jennijakobsson\/files\/2014\/03\/IMG_77591-300x200.jpg 300w, https:\/\/blogg.improveme.se\/jennijakobsson\/files\/2014\/03\/IMG_77591-680x453.jpg 680w\" sizes=\"auto, (max-width: 1536px) 100vw, 1536px\" \/><\/a><\/p>\n<p><a href=\"http:\/\/blogg.improveme.se\/jennijakobsson\/files\/2014\/02\/IMG_77611.jpg\"><img loading=\"lazy\" decoding=\"async\" class=\"aligncenter size-full wp-image-1409\" alt=\"IMG_77611\" src=\"http:\/\/blogg.improveme.se\/jennijakobsson\/files\/2014\/02\/IMG_77611.jpg\" width=\"1536\" height=\"1024\" srcset=\"https:\/\/blogg.improveme.se\/jennijakobsson\/files\/2014\/02\/IMG_77611.jpg 1536w, https:\/\/blogg.improveme.se\/jennijakobsson\/files\/2014\/02\/IMG_77611-300x200.jpg 300w, https:\/\/blogg.improveme.se\/jennijakobsson\/files\/2014\/02\/IMG_77611-680x453.jpg 680w\" sizes=\"auto, (max-width: 1536px) 100vw, 1536px\" \/><\/a><\/p>\n<p><a href=\"http:\/\/blogg.improveme.se\/jennijakobsson\/files\/2014\/02\/IMG_77671.jpg\"><img loading=\"lazy\" decoding=\"async\" class=\"aligncenter size-full wp-image-1410\" alt=\"IMG_77671\" src=\"http:\/\/blogg.improveme.se\/jennijakobsson\/files\/2014\/02\/IMG_77671.jpg\" width=\"1536\" height=\"1024\" srcset=\"https:\/\/blogg.improveme.se\/jennijakobsson\/files\/2014\/02\/IMG_77671.jpg 1536w, https:\/\/blogg.improveme.se\/jennijakobsson\/files\/2014\/02\/IMG_77671-300x200.jpg 300w, https:\/\/blogg.improveme.se\/jennijakobsson\/files\/2014\/02\/IMG_77671-680x453.jpg 680w\" sizes=\"auto, (max-width: 1536px) 100vw, 1536px\" \/><\/a><\/p>\n","protected":false},"excerpt":{"rendered":"<p>Vaknar tidigt av att Elise pratar h\u00f6gt och av magsm\u00e4rtor.. Har mest legat i s\u00e4ngen hela dagen har inte orkat g\u00f6ra s\u00e5 mycket.. Gick upp senare och duscha, f\u00f6r det \u00e4r s\u00e5 j\u00e4kla g\u00f6tt n\u00e4r man k\u00e4nner sig \u00e4cklig! \ud83d\ude42 Alltid uppfriskande \ud83d\ude42 Har varit underbart v\u00e4der idag! V\u00e5r v\u00e4der kan man s\u00e4ga! V\u00e5r k\u00e4nslorna &#8230; <a title=\"24 Februari\" class=\"read-more\" href=\"https:\/\/blogg.improveme.se\/jennijakobsson\/2014\/02\/24\/24-februari\/\" aria-label=\"L\u00e4s mer om 24 Februari\">L\u00e4s mer<\/a><\/p>\n","protected":false},"author":5765,"featured_media":0,"comment_status":"open","ping_status":"open","sticky":false,"template":"","format":"standard","meta":{"footnotes":""},"categories":[1],"tags":[],"class_list":["post-1406","post","type-post","status-publish","format-standard","hentry","category-okategoriserad"],"_links":{"self":[{"href":"https:\/\/blogg.improveme.se\/jennijakobsson\/wp-json\/wp\/v2\/posts\/1406","targetHints":{"allow":["GET"]}}],"collection":[{"href":"https:\/\/blogg.improveme.se\/jennijakobsson\/wp-json\/wp\/v2\/posts"}],"about":[{"href":"https:\/\/blogg.improveme.se\/jennijakobsson\/wp-json\/wp\/v2\/types\/post"}],"author":[{"embeddable":true,"href":"https:\/\/blogg.improveme.se\/jennijakobsson\/wp-json\/wp\/v2\/users\/5765"}],"replies":[{"embeddable":true,"href":"https:\/\/blogg.improveme.se\/jennijakobsson\/wp-json\/wp\/v2\/comments?post=1406"}],"version-history":[{"count":0,"href":"https:\/\/blogg.improveme.se\/jennijakobsson\/wp-json\/wp\/v2\/posts\/1406\/revisions"}],"wp:attachment":[{"href":"https:\/\/blogg.improveme.se\/jennijakobsson\/wp-json\/wp\/v2\/media?parent=1406"}],"wp:term":[{"taxonomy":"category","embeddable":true,"href":"https:\/\/blogg.improveme.se\/jennijakobsson\/wp-json\/wp\/v2\/categories?post=1406"},{"taxonomy":"post_tag","embeddable":true,"href":"https:\/\/blogg.improveme.se\/jennijakobsson\/wp-json\/wp\/v2\/tags?post=1406"}],"curies":[{"name":"wp","href":"https:\/\/api.w.org\/{rel}","templated":true}]}}