{"id":1437,"date":"2014-02-15T21:34:21","date_gmt":"2014-02-15T20:34:21","guid":{"rendered":"http:\/\/blogg.improveme.se\/jennijakobsson\/?p=1437"},"modified":"2014-03-10T02:29:25","modified_gmt":"2014-03-10T01:29:25","slug":"hemsk-dag","status":"publish","type":"post","link":"https:\/\/blogg.improveme.se\/jennijakobsson\/2014\/02\/15\/hemsk-dag\/","title":{"rendered":"Hemsk dag.."},"content":{"rendered":"<p>Alla blir bara sura p\u00e5 mig hela tiden.. orkar inte s\u00e5nt.. Idag m\u00e5dde jag inte bra, eller ah imorse. S\u00e5 jag var j\u00e4tte seg p\u00e5 att vakna, men n\u00e4r jag v\u00e4l vaknat och kommit upp s\u00e5 k\u00e4kade jag frukost och fixade mig. Tror Viktor var irriterad p\u00e5 mig f\u00f6r att jag var s\u00e5 seg, vi skulle hj\u00e4lpa Viktor&#8217;s bror att flytta, men precis n\u00e4r vi skulle \u00e5ka s\u00e5 var dom klara i l\u00e4genheten med allt ner pack s\u00e5 vi beh\u00f6vde inte \u00e5ka dit.. Och jag tog \u00e5t mig sj\u00e4lvklart eftersom att jag tog f\u00f6r l\u00e5ng tid p\u00e5 mig.. Och Viktor sa inget, eller ah han sa att han k\u00e4nde sig dum att han inte hj\u00e4lpt till och det f\u00f6rst\u00e5r jag, men det riktas ju emot mig eftersom att det var jag som var &#8221;i v\u00e4gen&#8221;. S\u00e5 vi gick in till Viktor igen, jag satte mig nere i vardagsrummet medans han gick upp p\u00e5 sitt rum. Efter ett tag kom han ner och satte sig bredvid mig och v\u00e4ntade p\u00e5 att hans bror eller pappa skulle ringa n\u00e4r dom n\u00e4rmade sig till den nya l\u00e4genheten s\u00e5 vi kunde hj\u00e4lpa att packa upp allt. N\u00e4r dom v\u00e4l ringde s\u00e5 gick Viktor bara till k\u00f6ket och sa sen att han skulle \u00e5ka och sa att jag skulle stanna.. Oj vad jag k\u00e4nde mig i v\u00e4gen.. Men ah han \u00e5kte dit och jag \u00e5kte hem, Malin kom f\u00f6rbi och h\u00e4mtade upp mig, f\u00f6r hon hade varit och handlat lite. S\u00e5 \u00e5kte hem och var hemma en stund f\u00f6r att v\u00e4nta p\u00e5 att Viktor och dom skulle bli klara. Jag t\u00e4nkte att jag kunde \u00e5ka till Kungsm\u00e4ssan s\u00e5 l\u00e4nge och kolla runt lite, men min bil starta inte.. inte alls! den bara &#8221;skrek&#8221; typ.. inte ens ett host.. s\u00e5 n\u00e4r jag ringde pappa s\u00e5 fick jag mig en rej\u00e4l utsk\u00e4llning om att det var mitt egna fel att den inte starta.. Men min mamma och min syster visste att de inte var mitt fel utan att det var pappas, men han ville inte erk\u00e4nna det. Det \u00e4r n\u00e4mligen s\u00e5 att han har bytt bromsarna och den har st\u00e5tt ett tag inne i garaget och han skulle k\u00f6ra ut den och st\u00e4lla den p\u00e5 grannens parkering. Men man kan inte starta en bil och k\u00f6ra den kanske 20 meter och sen st\u00e4nga av den n\u00e4r den inte har varit ig\u00e5ng p\u00e5 l\u00e4nge. Det f\u00f6rst\u00f6r bilen. Den &#8221;surnar&#8221; och det \u00e4r just det pappa har gjort, f\u00e5tt den att &#8221;surna&#8221; Men han erk\u00e4nde det inte f\u00f6r ens han kommit hem och f\u00e5tt anv\u00e4nda startkablar i 15 minuter och dra ut och s\u00e4tta tillbaka s\u00e4kringen till bensinen om och om igen s\u00e5 den skulle starta.. men den m\u00e5dde inte bra, det h\u00f6rdes.. han har f\u00f6rst\u00f6rt min bil som jag betalt sj\u00e4lv.. :\/ Men ah han erk\u00e4nde tillslut att det var hans fel, men lite sent.. F\u00f6r jag hade redan tagit \u00e5t mig och b\u00f6rjat m\u00e5 d\u00e5ligt.. S\u00e5 jag \u00e5kte iv\u00e4g n\u00e4r bilen varit ig\u00e5ng en stund och \u00e5kte en extra omv\u00e4g f\u00f6r att den skulle f\u00e5 vara ig\u00e5ng ett tag innan jag parkera p\u00e5 Kungsm\u00e4ssan. Gick runt d\u00e4r en stund innan Viktor ringde mig och sa att dom skulle best\u00e4lla pizza och undrade vad jag vile ha, och att jag kunde \u00e5ka hem till honom och v\u00e4nta. Och det gjorde jag. S\u00e5 det blev pizza till middag och sen chill kv\u00e4ll typ. Kolla tv och ta det lugnt.<\/p>\n","protected":false},"excerpt":{"rendered":"<p>Alla blir bara sura p\u00e5 mig hela tiden.. orkar inte s\u00e5nt.. Idag m\u00e5dde jag inte bra, eller ah imorse. S\u00e5 jag var j\u00e4tte seg p\u00e5 att vakna, men n\u00e4r jag v\u00e4l vaknat och kommit upp s\u00e5 k\u00e4kade jag frukost och fixade mig. Tror Viktor var irriterad p\u00e5 mig f\u00f6r att jag var s\u00e5 seg, vi &#8230; <a title=\"Hemsk dag..\" class=\"read-more\" href=\"https:\/\/blogg.improveme.se\/jennijakobsson\/2014\/02\/15\/hemsk-dag\/\" aria-label=\"L\u00e4s mer om Hemsk dag..\">L\u00e4s mer<\/a><\/p>\n","protected":false},"author":5765,"featured_media":0,"comment_status":"open","ping_status":"open","sticky":false,"template":"","format":"standard","meta":{"footnotes":""},"categories":[1],"tags":[],"class_list":["post-1437","post","type-post","status-publish","format-standard","hentry","category-okategoriserad"],"_links":{"self":[{"href":"https:\/\/blogg.improveme.se\/jennijakobsson\/wp-json\/wp\/v2\/posts\/1437","targetHints":{"allow":["GET"]}}],"collection":[{"href":"https:\/\/blogg.improveme.se\/jennijakobsson\/wp-json\/wp\/v2\/posts"}],"about":[{"href":"https:\/\/blogg.improveme.se\/jennijakobsson\/wp-json\/wp\/v2\/types\/post"}],"author":[{"embeddable":true,"href":"https:\/\/blogg.improveme.se\/jennijakobsson\/wp-json\/wp\/v2\/users\/5765"}],"replies":[{"embeddable":true,"href":"https:\/\/blogg.improveme.se\/jennijakobsson\/wp-json\/wp\/v2\/comments?post=1437"}],"version-history":[{"count":0,"href":"https:\/\/blogg.improveme.se\/jennijakobsson\/wp-json\/wp\/v2\/posts\/1437\/revisions"}],"wp:attachment":[{"href":"https:\/\/blogg.improveme.se\/jennijakobsson\/wp-json\/wp\/v2\/media?parent=1437"}],"wp:term":[{"taxonomy":"category","embeddable":true,"href":"https:\/\/blogg.improveme.se\/jennijakobsson\/wp-json\/wp\/v2\/categories?post=1437"},{"taxonomy":"post_tag","embeddable":true,"href":"https:\/\/blogg.improveme.se\/jennijakobsson\/wp-json\/wp\/v2\/tags?post=1437"}],"curies":[{"name":"wp","href":"https:\/\/api.w.org\/{rel}","templated":true}]}}