{"id":481,"date":"2013-09-19T20:08:05","date_gmt":"2013-09-19T18:08:05","guid":{"rendered":"http:\/\/blogg.improveme.se\/jennijakobsson\/?p=481"},"modified":"2013-09-20T01:28:50","modified_gmt":"2013-09-19T23:28:50","slug":"inget-kul-alls","status":"publish","type":"post","link":"https:\/\/blogg.improveme.se\/jennijakobsson\/2013\/09\/19\/inget-kul-alls\/","title":{"rendered":"Inget kul alls!.."},"content":{"rendered":"<p>Det \u00e4r inget kul att vara sjuk :\/ man orkar inget! k\u00e4nner mig j\u00e4tte slapp och v\u00e4dret hj\u00e4lper ju inte direkt, massa regn? och pytte lite sol.. inte okej!<\/p>\n<p>Idag har jag som sagt inte orkat g\u00f6ra n\u00e5got.. eller ah \u00e5kte en sv\u00e4ng till syrran f\u00f6r hon hade tr\u00e5kigt:P Sen p\u00e5 kv\u00e4llen \u00e5kte jag och kollade match som mitt lag spelade \ud83d\ude42 f\u00f6rresten min systers bebbe \u00e4r en vecka gammal nu! \ud83d\ude42 tiden g\u00e5r och g\u00e5r! och sj\u00e4lvklart k\u00e4nner man sig bara \u00e4ldre xD hehe<\/p>\n<p>Men i alla fall Grattis till henne! \ud83d\ude42\u00a0<a href=\"http:\/\/blogg.improveme.se\/jennijakobsson\/files\/2013\/09\/IMG_9798.jpg\"><img loading=\"lazy\" decoding=\"async\" class=\"aligncenter size-full wp-image-482\" src=\"http:\/\/blogg.improveme.se\/jennijakobsson\/files\/2013\/09\/IMG_9798.jpg\" alt=\"\" width=\"1536\" height=\"1024\" srcset=\"https:\/\/blogg.improveme.se\/jennijakobsson\/files\/2013\/09\/IMG_9798.jpg 1536w, https:\/\/blogg.improveme.se\/jennijakobsson\/files\/2013\/09\/IMG_9798-300x200.jpg 300w, https:\/\/blogg.improveme.se\/jennijakobsson\/files\/2013\/09\/IMG_9798-680x453.jpg 680w\" sizes=\"auto, (max-width: 1536px) 100vw, 1536px\" \/><\/a><\/p>\n<p>&nbsp;<\/p>\n","protected":false},"excerpt":{"rendered":"<p>Det \u00e4r inget kul att vara sjuk :\/ man orkar inget! k\u00e4nner mig j\u00e4tte slapp och v\u00e4dret hj\u00e4lper ju inte direkt, massa regn? och pytte lite sol.. inte okej! Idag har jag som sagt inte orkat g\u00f6ra n\u00e5got.. eller ah \u00e5kte en sv\u00e4ng till syrran f\u00f6r hon hade tr\u00e5kigt:P Sen p\u00e5 kv\u00e4llen \u00e5kte jag och &#8230; <a title=\"Inget kul alls!..\" class=\"read-more\" href=\"https:\/\/blogg.improveme.se\/jennijakobsson\/2013\/09\/19\/inget-kul-alls\/\" aria-label=\"L\u00e4s mer om Inget kul alls!..\">L\u00e4s mer<\/a><\/p>\n","protected":false},"author":5765,"featured_media":0,"comment_status":"open","ping_status":"open","sticky":false,"template":"","format":"standard","meta":{"footnotes":""},"categories":[1],"tags":[],"class_list":["post-481","post","type-post","status-publish","format-standard","hentry","category-okategoriserad"],"_links":{"self":[{"href":"https:\/\/blogg.improveme.se\/jennijakobsson\/wp-json\/wp\/v2\/posts\/481","targetHints":{"allow":["GET"]}}],"collection":[{"href":"https:\/\/blogg.improveme.se\/jennijakobsson\/wp-json\/wp\/v2\/posts"}],"about":[{"href":"https:\/\/blogg.improveme.se\/jennijakobsson\/wp-json\/wp\/v2\/types\/post"}],"author":[{"embeddable":true,"href":"https:\/\/blogg.improveme.se\/jennijakobsson\/wp-json\/wp\/v2\/users\/5765"}],"replies":[{"embeddable":true,"href":"https:\/\/blogg.improveme.se\/jennijakobsson\/wp-json\/wp\/v2\/comments?post=481"}],"version-history":[{"count":0,"href":"https:\/\/blogg.improveme.se\/jennijakobsson\/wp-json\/wp\/v2\/posts\/481\/revisions"}],"wp:attachment":[{"href":"https:\/\/blogg.improveme.se\/jennijakobsson\/wp-json\/wp\/v2\/media?parent=481"}],"wp:term":[{"taxonomy":"category","embeddable":true,"href":"https:\/\/blogg.improveme.se\/jennijakobsson\/wp-json\/wp\/v2\/categories?post=481"},{"taxonomy":"post_tag","embeddable":true,"href":"https:\/\/blogg.improveme.se\/jennijakobsson\/wp-json\/wp\/v2\/tags?post=481"}],"curies":[{"name":"wp","href":"https:\/\/api.w.org\/{rel}","templated":true}]}}