{"id":493,"date":"2013-09-21T23:59:51","date_gmt":"2013-09-21T21:59:51","guid":{"rendered":"http:\/\/blogg.improveme.se\/jennijakobsson\/?p=493"},"modified":"2013-09-22T22:32:03","modified_gmt":"2013-09-22T20:32:03","slug":"21e-hela-dagen","status":"publish","type":"post","link":"https:\/\/blogg.improveme.se\/jennijakobsson\/2013\/09\/21\/21e-hela-dagen\/","title":{"rendered":"21:e hela dagen.."},"content":{"rendered":"<p>Slappar dag igen?.. Japp! Inte mycket att g\u00f6ra under morgonen och eftermiddagen.. Vi k\u00e4kade middag vid 6 tiden och efter de \u00e5kte jag snabbt hem f\u00f6r att h\u00e4mta lite grejor och tv\u00e4tta av mig snabbt, goare att g\u00f6ra de hemma \ud83d\ude1b vet inte varf\u00f6r men det tycker jag bara.. \ud83d\ude1b Sen v\u00e4l tillbaka hos Viktor s\u00e5 sl\u00e4nger jag p\u00e5 mig lite b\u00e4ttre kl\u00e4der och ah vi \u00e5ker till Niklas (en gemensam v\u00e4n) han har hemma fest f\u00f6r Alexander som fyller 20 imorgon \ud83d\ude1b S\u00e5 de var lite hemma firande under kv\u00e4llen och sen ut p\u00e5 krogen tills midnatt d\u00e5 n\u00e4r han fyller:) Men jag och Viktor h\u00e4ngde inte med ut, vi \u00e5kte p\u00e5 race ist\u00e4llet \ud83d\ude42 mysig kv\u00e4ll men s\u00e5 mycket poliser och folk som f\u00f6rst\u00f6r s\u00e5 de blev att \u00e5ka hem sen n\u00e4r vi inte orkade l\u00e4ngre:\/ Vi \u00e5kte egentligen hem klockan 2 typ? n\u00e4sta dag allts\u00e5 02.00 men skriver detta inl\u00e4gget f\u00f6r denna dagen eftersom att jag skriver det i efterhand nu \ud83d\ude1b ni f\u00f6rst\u00e5r s\u00e4kert:P<\/p>\n","protected":false},"excerpt":{"rendered":"<p>Slappar dag igen?.. Japp! Inte mycket att g\u00f6ra under morgonen och eftermiddagen.. Vi k\u00e4kade middag vid 6 tiden och efter de \u00e5kte jag snabbt hem f\u00f6r att h\u00e4mta lite grejor och tv\u00e4tta av mig snabbt, goare att g\u00f6ra de hemma \ud83d\ude1b vet inte varf\u00f6r men det tycker jag bara.. \ud83d\ude1b Sen v\u00e4l tillbaka hos Viktor &#8230; <a title=\"21:e hela dagen..\" class=\"read-more\" href=\"https:\/\/blogg.improveme.se\/jennijakobsson\/2013\/09\/21\/21e-hela-dagen\/\" aria-label=\"L\u00e4s mer om 21:e hela dagen..\">L\u00e4s mer<\/a><\/p>\n","protected":false},"author":5765,"featured_media":0,"comment_status":"open","ping_status":"open","sticky":false,"template":"","format":"standard","meta":{"footnotes":""},"categories":[1],"tags":[],"class_list":["post-493","post","type-post","status-publish","format-standard","hentry","category-okategoriserad"],"_links":{"self":[{"href":"https:\/\/blogg.improveme.se\/jennijakobsson\/wp-json\/wp\/v2\/posts\/493","targetHints":{"allow":["GET"]}}],"collection":[{"href":"https:\/\/blogg.improveme.se\/jennijakobsson\/wp-json\/wp\/v2\/posts"}],"about":[{"href":"https:\/\/blogg.improveme.se\/jennijakobsson\/wp-json\/wp\/v2\/types\/post"}],"author":[{"embeddable":true,"href":"https:\/\/blogg.improveme.se\/jennijakobsson\/wp-json\/wp\/v2\/users\/5765"}],"replies":[{"embeddable":true,"href":"https:\/\/blogg.improveme.se\/jennijakobsson\/wp-json\/wp\/v2\/comments?post=493"}],"version-history":[{"count":0,"href":"https:\/\/blogg.improveme.se\/jennijakobsson\/wp-json\/wp\/v2\/posts\/493\/revisions"}],"wp:attachment":[{"href":"https:\/\/blogg.improveme.se\/jennijakobsson\/wp-json\/wp\/v2\/media?parent=493"}],"wp:term":[{"taxonomy":"category","embeddable":true,"href":"https:\/\/blogg.improveme.se\/jennijakobsson\/wp-json\/wp\/v2\/categories?post=493"},{"taxonomy":"post_tag","embeddable":true,"href":"https:\/\/blogg.improveme.se\/jennijakobsson\/wp-json\/wp\/v2\/tags?post=493"}],"curies":[{"name":"wp","href":"https:\/\/api.w.org\/{rel}","templated":true}]}}