{"id":546,"date":"2013-09-30T22:02:50","date_gmt":"2013-09-30T20:02:50","guid":{"rendered":"http:\/\/blogg.improveme.se\/jennijakobsson\/?p=546"},"modified":"2013-10-01T00:07:17","modified_gmt":"2013-09-30T22:07:17","slug":"hemma","status":"publish","type":"post","link":"https:\/\/blogg.improveme.se\/jennijakobsson\/2013\/09\/30\/hemma\/","title":{"rendered":"Hemma!"},"content":{"rendered":"<p>\u00c4ntligen hemma! Har varit borta hela dagen n\u00e4stan. F\u00f6rst p\u00e5 morgonen \u00e5kte jag in till Kungsbacka och fika lite med Oliver och prata en hel del om allt typ:) snacka igen allt som man missat typ:P Sen efter en dags fika s\u00e5 \u00e5kte jag hem snabbt f\u00f6r att \u00e4ta och sen packa innebandy kl\u00e4der och sen \u00e5ka till samlingen \ud83d\ude42 Det var match mot Tr\u00e4sl\u00f6vsl\u00e4ge (stavning?) ehm.. Vi vann med 13-3.. \ud83d\ude1b oups.. aja men de var kul! snyggt spel hade vi ocks\u00e5:) och ah nu \u00e4r jag hemma och har precis k\u00e4kat lite och sitter nu h\u00e4r vid datorn och h\u00e4nger \ud83d\ude42 hehe.. Imon blire att \u00e5ka till Lisa, hon ska \u00f6va igen f\u00f6r sitt prov! \ud83d\ude42<\/p>\n<p><a href=\"http:\/\/blogg.improveme.se\/jennijakobsson\/files\/2013\/10\/ValaMag0132700.jpg\"><img loading=\"lazy\" decoding=\"async\" class=\"aligncenter size-full wp-image-547\" src=\"http:\/\/blogg.improveme.se\/jennijakobsson\/files\/2013\/10\/ValaMag0132700.jpg\" alt=\"\" width=\"384\" height=\"397\" srcset=\"https:\/\/blogg.improveme.se\/jennijakobsson\/files\/2013\/10\/ValaMag0132700.jpg 384w, https:\/\/blogg.improveme.se\/jennijakobsson\/files\/2013\/10\/ValaMag0132700-290x300.jpg 290w\" sizes=\"auto, (max-width: 384px) 100vw, 384px\" \/><\/a><\/p>\n","protected":false},"excerpt":{"rendered":"<p>\u00c4ntligen hemma! Har varit borta hela dagen n\u00e4stan. F\u00f6rst p\u00e5 morgonen \u00e5kte jag in till Kungsbacka och fika lite med Oliver och prata en hel del om allt typ:) snacka igen allt som man missat typ:P Sen efter en dags fika s\u00e5 \u00e5kte jag hem snabbt f\u00f6r att \u00e4ta och sen packa innebandy kl\u00e4der och &#8230; <a title=\"Hemma!\" class=\"read-more\" href=\"https:\/\/blogg.improveme.se\/jennijakobsson\/2013\/09\/30\/hemma\/\" aria-label=\"L\u00e4s mer om Hemma!\">L\u00e4s mer<\/a><\/p>\n","protected":false},"author":5765,"featured_media":0,"comment_status":"open","ping_status":"open","sticky":false,"template":"","format":"standard","meta":{"footnotes":""},"categories":[1],"tags":[],"class_list":["post-546","post","type-post","status-publish","format-standard","hentry","category-okategoriserad"],"_links":{"self":[{"href":"https:\/\/blogg.improveme.se\/jennijakobsson\/wp-json\/wp\/v2\/posts\/546","targetHints":{"allow":["GET"]}}],"collection":[{"href":"https:\/\/blogg.improveme.se\/jennijakobsson\/wp-json\/wp\/v2\/posts"}],"about":[{"href":"https:\/\/blogg.improveme.se\/jennijakobsson\/wp-json\/wp\/v2\/types\/post"}],"author":[{"embeddable":true,"href":"https:\/\/blogg.improveme.se\/jennijakobsson\/wp-json\/wp\/v2\/users\/5765"}],"replies":[{"embeddable":true,"href":"https:\/\/blogg.improveme.se\/jennijakobsson\/wp-json\/wp\/v2\/comments?post=546"}],"version-history":[{"count":0,"href":"https:\/\/blogg.improveme.se\/jennijakobsson\/wp-json\/wp\/v2\/posts\/546\/revisions"}],"wp:attachment":[{"href":"https:\/\/blogg.improveme.se\/jennijakobsson\/wp-json\/wp\/v2\/media?parent=546"}],"wp:term":[{"taxonomy":"category","embeddable":true,"href":"https:\/\/blogg.improveme.se\/jennijakobsson\/wp-json\/wp\/v2\/categories?post=546"},{"taxonomy":"post_tag","embeddable":true,"href":"https:\/\/blogg.improveme.se\/jennijakobsson\/wp-json\/wp\/v2\/tags?post=546"}],"curies":[{"name":"wp","href":"https:\/\/api.w.org\/{rel}","templated":true}]}}