{"id":550,"date":"2013-10-01T17:13:03","date_gmt":"2013-10-01T15:13:03","guid":{"rendered":"http:\/\/blogg.improveme.se\/jennijakobsson\/?p=550"},"modified":"2013-10-03T03:47:36","modified_gmt":"2013-10-03T01:47:36","slug":"1-oktober","status":"publish","type":"post","link":"https:\/\/blogg.improveme.se\/jennijakobsson\/2013\/10\/01\/1-oktober\/","title":{"rendered":"1 Oktober!"},"content":{"rendered":"<p>Vad tiden g\u00e5r fort egentligen.. redan Oktober..?? Vill g\u00e4rna ha sommar igen tack! eller s\u00e5 kan n\u00e5gon ta med mig p\u00e5 en resa utomlands! \ud83d\ude09 hehe Hade ju inte suttit fel med lite v\u00e4rme, r\u00e4cker inte med en \u00f6ppen brasa, vill ha lite sol ocks\u00e5! I alla fall Idag har jag varit hos Lisa p\u00e5 hennes jobb, hon ska ju \u00f6va inf\u00f6r provet och som sagt mitt h\u00e5r ska anv\u00e4ndas f\u00f6r br\u00f6llops frisyr \ud83d\ude1b Man blir lite till sig n\u00e4r man ser massa fina br\u00f6llops frisyrer och s\u00e5nt.. Jag vill gifta mig sj\u00e4lvklart men inte \u00e4n \ud83d\ude1b men det \u00e4r kul att fantisera om vad man vill ha till sitt br\u00f6llop och planera redan nu vilka f\u00e4rger och s\u00e5nt, fast jag kommer \u00e4ndra mig tusen ggr om \ud83d\ude1b hehe.. Men just nu \u00e4r de R\u00f6tt eller Rosa som g\u00e4ller f\u00e4rg m\u00e4ssigt och kanske bl\u00e5 till de rosa:P eller lila.. haha s\u00e5 mycket.. som tur \u00e4r s\u00e5 \u00e4r de inte dags \u00e4n \ud83d\ude09 hehe men som sagt fantisera kan man g\u00f6ra \ud83d\ude42 Men 1 sak \u00e4r s\u00e4ker jag vill ha lockigt h\u00e5r! \ud83d\ude42 Med lite blommor i \ud83d\ude42<\/p>\n<p>Och sen stor t\u00e5rta med fina dekorationer<\/p>\n<p>En matchande bukett och smink och sj\u00e4lvklart sm\u00e5 grejor \ud83d\ude09 och massa massa mer! \ud83d\ude42<\/p>\n<p>&nbsp;<\/p>\n<p><a href=\"http:\/\/blogg.improveme.se\/jennijakobsson\/files\/2013\/10\/Frisyrer.jpg\"><img loading=\"lazy\" decoding=\"async\" class=\"aligncenter size-full wp-image-557\" src=\"http:\/\/blogg.improveme.se\/jennijakobsson\/files\/2013\/10\/Frisyrer.jpg\" alt=\"\" width=\"724\" height=\"1024\" srcset=\"https:\/\/blogg.improveme.se\/jennijakobsson\/files\/2013\/10\/Frisyrer.jpg 724w, https:\/\/blogg.improveme.se\/jennijakobsson\/files\/2013\/10\/Frisyrer-212x300.jpg 212w, https:\/\/blogg.improveme.se\/jennijakobsson\/files\/2013\/10\/Frisyrer-480x680.jpg 480w\" sizes=\"auto, (max-width: 724px) 100vw, 724px\" \/><\/a><\/p>\n<p><a href=\"http:\/\/blogg.improveme.se\/jennijakobsson\/files\/2013\/10\/T\u00e5rtor.jpg\"><img loading=\"lazy\" decoding=\"async\" class=\"aligncenter size-full wp-image-558\" src=\"http:\/\/blogg.improveme.se\/jennijakobsson\/files\/2013\/10\/T\u00e5rtor.jpg\" alt=\"\" width=\"724\" height=\"1024\" srcset=\"https:\/\/blogg.improveme.se\/jennijakobsson\/files\/2013\/10\/T\u00e5rtor.jpg 724w, https:\/\/blogg.improveme.se\/jennijakobsson\/files\/2013\/10\/T\u00e5rtor-212x300.jpg 212w, https:\/\/blogg.improveme.se\/jennijakobsson\/files\/2013\/10\/T\u00e5rtor-480x680.jpg 480w\" sizes=\"auto, (max-width: 724px) 100vw, 724px\" \/><\/a><\/p>\n<p><a href=\"http:\/\/blogg.improveme.se\/jennijakobsson\/files\/2013\/10\/blommorsminkglitter.jpg\"><img loading=\"lazy\" decoding=\"async\" class=\"aligncenter size-full wp-image-559\" src=\"http:\/\/blogg.improveme.se\/jennijakobsson\/files\/2013\/10\/blommorsminkglitter.jpg\" alt=\"\" width=\"724\" height=\"1024\" srcset=\"https:\/\/blogg.improveme.se\/jennijakobsson\/files\/2013\/10\/blommorsminkglitter.jpg 724w, https:\/\/blogg.improveme.se\/jennijakobsson\/files\/2013\/10\/blommorsminkglitter-212x300.jpg 212w, https:\/\/blogg.improveme.se\/jennijakobsson\/files\/2013\/10\/blommorsminkglitter-480x680.jpg 480w\" sizes=\"auto, (max-width: 724px) 100vw, 724px\" \/><\/a><\/p>\n<p>&nbsp;<\/p>\n<p>&nbsp;<\/p>\n","protected":false},"excerpt":{"rendered":"<p>Vad tiden g\u00e5r fort egentligen.. redan Oktober..?? Vill g\u00e4rna ha sommar igen tack! eller s\u00e5 kan n\u00e5gon ta med mig p\u00e5 en resa utomlands! \ud83d\ude09 hehe Hade ju inte suttit fel med lite v\u00e4rme, r\u00e4cker inte med en \u00f6ppen brasa, vill ha lite sol ocks\u00e5! I alla fall Idag har jag varit hos Lisa p\u00e5 &#8230; <a title=\"1 Oktober!\" class=\"read-more\" href=\"https:\/\/blogg.improveme.se\/jennijakobsson\/2013\/10\/01\/1-oktober\/\" aria-label=\"L\u00e4s mer om 1 Oktober!\">L\u00e4s mer<\/a><\/p>\n","protected":false},"author":5765,"featured_media":0,"comment_status":"open","ping_status":"open","sticky":false,"template":"","format":"standard","meta":{"footnotes":""},"categories":[1],"tags":[],"class_list":["post-550","post","type-post","status-publish","format-standard","hentry","category-okategoriserad"],"_links":{"self":[{"href":"https:\/\/blogg.improveme.se\/jennijakobsson\/wp-json\/wp\/v2\/posts\/550","targetHints":{"allow":["GET"]}}],"collection":[{"href":"https:\/\/blogg.improveme.se\/jennijakobsson\/wp-json\/wp\/v2\/posts"}],"about":[{"href":"https:\/\/blogg.improveme.se\/jennijakobsson\/wp-json\/wp\/v2\/types\/post"}],"author":[{"embeddable":true,"href":"https:\/\/blogg.improveme.se\/jennijakobsson\/wp-json\/wp\/v2\/users\/5765"}],"replies":[{"embeddable":true,"href":"https:\/\/blogg.improveme.se\/jennijakobsson\/wp-json\/wp\/v2\/comments?post=550"}],"version-history":[{"count":0,"href":"https:\/\/blogg.improveme.se\/jennijakobsson\/wp-json\/wp\/v2\/posts\/550\/revisions"}],"wp:attachment":[{"href":"https:\/\/blogg.improveme.se\/jennijakobsson\/wp-json\/wp\/v2\/media?parent=550"}],"wp:term":[{"taxonomy":"category","embeddable":true,"href":"https:\/\/blogg.improveme.se\/jennijakobsson\/wp-json\/wp\/v2\/categories?post=550"},{"taxonomy":"post_tag","embeddable":true,"href":"https:\/\/blogg.improveme.se\/jennijakobsson\/wp-json\/wp\/v2\/tags?post=550"}],"curies":[{"name":"wp","href":"https:\/\/api.w.org\/{rel}","templated":true}]}}