{"id":605,"date":"2013-10-07T22:32:28","date_gmt":"2013-10-07T20:32:28","guid":{"rendered":"http:\/\/blogg.improveme.se\/jennijakobsson\/?p=605"},"modified":"2013-10-08T01:26:59","modified_gmt":"2013-10-07T23:26:59","slug":"071013","status":"publish","type":"post","link":"https:\/\/blogg.improveme.se\/jennijakobsson\/2013\/10\/07\/071013\/","title":{"rendered":"071013"},"content":{"rendered":"<p>Nu \u00e4r de s\u00e5h\u00e4r att jag inte har haft tid eller ork att blogga f\u00f6r ens nu.. Anledningen till det \u00e4r att jag har varit sen S\u00f6ndag ca klockan 23.00 till M\u00e5ndag ca klockan 8.00 hos min syster.. \ud83d\ude1b Dom var ju hos oss i S\u00f6ndags och H\u00e5kan skulle f\u00f6r f\u00f6rsta g\u00e5ngen p\u00e5 n\u00e5gra veckor jobba igen och Elise ville verkligen inte somna och Malin (min syster) fick lite panik f\u00f6r hon kunde ju inte l\u00e4mna l\u00e4genheten f\u00f6r H\u00e5kans dotter Freija l\u00e5g och sov och ah.. Malin beh\u00f6vde sova, s\u00e5 jag \u00e5kte upp, f\u00f6r vem vill inte ta hand om lilla t\u00f6sen d\u00e5 :)! S\u00e5 var d\u00e4r uppe och passa henne hela natten! Tro de eller ej men Elise sov 6.5 timmar :S det \u00e4r l\u00e4nge.. \ud83d\ude1b Men jag satt och klappa henne och s\u00e5, Hon blir v\u00e4ldigt lugn n\u00e4r jag \u00e4r i n\u00e4rheten. Har alltid haft den inverkan p\u00e5 barn. Dom tyr sig till mig och dom blir lugna av mig:) S\u00e5 min syster fick sova 6 timmar ist\u00e4llet f\u00f6r ca 3 som hon brukar.. Det var nog beh\u00f6vligt f\u00f6r henne \ud83d\ude42 och ah jag kom hem vid 8 p\u00e5 morgonen, orkade inte blogga d\u00e5 f\u00f6r jag var tr\u00f6tt s\u00e5 gick och la mig.. och sen n\u00e4r jag gick upp skulle jag g\u00f6ra annat och sen var det pl\u00f6tsligt dags f\u00f6r att \u00e4ta middag och sen \u00e5ka p\u00e5 tr\u00e4ning \ud83d\ude1b och ah.. NU \u00e4r jag hemma fr\u00e5n tr\u00e4ningen och har tid att skriva \ud83d\ude42<\/p>\n<p>F\u00f6rresten tr\u00e4ningen var mycket b\u00e4ttre idag! \ud83d\ude42 k\u00e4ndes sk\u00f6nt, men var v\u00e4ldigt tr\u00f6tt och seg.. \ud83d\ude1b Undrar varf\u00f6r.. hehe \ud83d\ude1b Men men.. finns alltid f\u00f6r min syster n\u00e4r hon beh\u00f6ver hj\u00e4lp!<\/p>\n<p><a href=\"http:\/\/blogg.improveme.se\/jennijakobsson\/files\/2013\/10\/bea7764dacd2123d76bb783acce6d8d3-462x520.jpg\"><img loading=\"lazy\" decoding=\"async\" class=\"aligncenter size-full wp-image-606\" src=\"http:\/\/blogg.improveme.se\/jennijakobsson\/files\/2013\/10\/bea7764dacd2123d76bb783acce6d8d3-462x520.jpg\" alt=\"\" width=\"462\" height=\"520\" srcset=\"https:\/\/blogg.improveme.se\/jennijakobsson\/files\/2013\/10\/bea7764dacd2123d76bb783acce6d8d3-462x520.jpg 462w, https:\/\/blogg.improveme.se\/jennijakobsson\/files\/2013\/10\/bea7764dacd2123d76bb783acce6d8d3-462x520-266x300.jpg 266w\" sizes=\"auto, (max-width: 462px) 100vw, 462px\" \/><\/a><\/p>\n","protected":false},"excerpt":{"rendered":"<p>Nu \u00e4r de s\u00e5h\u00e4r att jag inte har haft tid eller ork att blogga f\u00f6r ens nu.. Anledningen till det \u00e4r att jag har varit sen S\u00f6ndag ca klockan 23.00 till M\u00e5ndag ca klockan 8.00 hos min syster.. \ud83d\ude1b Dom var ju hos oss i S\u00f6ndags och H\u00e5kan skulle f\u00f6r f\u00f6rsta g\u00e5ngen p\u00e5 n\u00e5gra veckor &#8230; <a title=\"071013\" class=\"read-more\" href=\"https:\/\/blogg.improveme.se\/jennijakobsson\/2013\/10\/07\/071013\/\" aria-label=\"L\u00e4s mer om 071013\">L\u00e4s mer<\/a><\/p>\n","protected":false},"author":5765,"featured_media":0,"comment_status":"open","ping_status":"open","sticky":false,"template":"","format":"standard","meta":{"footnotes":""},"categories":[1],"tags":[],"class_list":["post-605","post","type-post","status-publish","format-standard","hentry","category-okategoriserad"],"_links":{"self":[{"href":"https:\/\/blogg.improveme.se\/jennijakobsson\/wp-json\/wp\/v2\/posts\/605","targetHints":{"allow":["GET"]}}],"collection":[{"href":"https:\/\/blogg.improveme.se\/jennijakobsson\/wp-json\/wp\/v2\/posts"}],"about":[{"href":"https:\/\/blogg.improveme.se\/jennijakobsson\/wp-json\/wp\/v2\/types\/post"}],"author":[{"embeddable":true,"href":"https:\/\/blogg.improveme.se\/jennijakobsson\/wp-json\/wp\/v2\/users\/5765"}],"replies":[{"embeddable":true,"href":"https:\/\/blogg.improveme.se\/jennijakobsson\/wp-json\/wp\/v2\/comments?post=605"}],"version-history":[{"count":0,"href":"https:\/\/blogg.improveme.se\/jennijakobsson\/wp-json\/wp\/v2\/posts\/605\/revisions"}],"wp:attachment":[{"href":"https:\/\/blogg.improveme.se\/jennijakobsson\/wp-json\/wp\/v2\/media?parent=605"}],"wp:term":[{"taxonomy":"category","embeddable":true,"href":"https:\/\/blogg.improveme.se\/jennijakobsson\/wp-json\/wp\/v2\/categories?post=605"},{"taxonomy":"post_tag","embeddable":true,"href":"https:\/\/blogg.improveme.se\/jennijakobsson\/wp-json\/wp\/v2\/tags?post=605"}],"curies":[{"name":"wp","href":"https:\/\/api.w.org\/{rel}","templated":true}]}}