{"id":640,"date":"2013-10-20T15:10:55","date_gmt":"2013-10-20T13:10:55","guid":{"rendered":"http:\/\/blogg.improveme.se\/jennijakobsson\/?p=640"},"modified":"2013-10-22T02:30:59","modified_gmt":"2013-10-22T00:30:59","slug":"fixandes","status":"publish","type":"post","link":"https:\/\/blogg.improveme.se\/jennijakobsson\/2013\/10\/20\/fixandes\/","title":{"rendered":"fixandes!"},"content":{"rendered":"<p>drar hela dagen s\u00e5h\u00e4r lite snabbt..<\/p>\n<p>\u00c5kte imorse och h\u00e4mtade upp Lisa f\u00f6r att sen \u00e5ka till Landvetter till Johanna&#8217;s. (en fris\u00f6rsalong) Johanna fixade mitt h\u00e5r till balen \ud83d\ude42 (ingen j\u00e4tte bra bild, men p\u00e5 ett ungifer)<\/p>\n<p><a href=\"http:\/\/blogg.improveme.se\/jennijakobsson\/files\/2013\/10\/balbild-\u00e4ndrad.jpg\"><img loading=\"lazy\" decoding=\"async\" class=\"aligncenter size-full wp-image-642\" src=\"http:\/\/blogg.improveme.se\/jennijakobsson\/files\/2013\/10\/balbild-\u00e4ndrad.jpg\" alt=\"\" width=\"540\" height=\"1024\" srcset=\"https:\/\/blogg.improveme.se\/jennijakobsson\/files\/2013\/10\/balbild-\u00e4ndrad.jpg 540w, https:\/\/blogg.improveme.se\/jennijakobsson\/files\/2013\/10\/balbild-\u00e4ndrad-158x300.jpg 158w, https:\/\/blogg.improveme.se\/jennijakobsson\/files\/2013\/10\/balbild-\u00e4ndrad-358x680.jpg 358w\" sizes=\"auto, (max-width: 540px) 100vw, 540px\" \/><\/a><\/p>\n<p>I alla fall! Johanna skulle hj\u00e4lpa lite med br\u00f6llops frisyren Lisa ska g\u00f6ra f\u00f6r vi har ingen aning om hur\/vad vi ska g\u00f6ra.. men Johanna gjorde en super bra frisyr!!! \ud83d\ude42 Super n\u00f6jda blev vi s\u00e5 nu blir de att \u00f6va p\u00e5 nytt! \ud83d\ude42 kommer bilder p\u00e5 hur de s\u00e5g ut p\u00e5 ett ungifer.. (Lisa har bilderna)<\/p>\n","protected":false},"excerpt":{"rendered":"<p>drar hela dagen s\u00e5h\u00e4r lite snabbt.. \u00c5kte imorse och h\u00e4mtade upp Lisa f\u00f6r att sen \u00e5ka till Landvetter till Johanna&#8217;s. (en fris\u00f6rsalong) Johanna fixade mitt h\u00e5r till balen \ud83d\ude42 (ingen j\u00e4tte bra bild, men p\u00e5 ett ungifer) I alla fall! Johanna skulle hj\u00e4lpa lite med br\u00f6llops frisyren Lisa ska g\u00f6ra f\u00f6r vi har ingen aning &#8230; <a title=\"fixandes!\" class=\"read-more\" href=\"https:\/\/blogg.improveme.se\/jennijakobsson\/2013\/10\/20\/fixandes\/\" aria-label=\"L\u00e4s mer om fixandes!\">L\u00e4s mer<\/a><\/p>\n","protected":false},"author":5765,"featured_media":0,"comment_status":"open","ping_status":"open","sticky":false,"template":"","format":"standard","meta":{"footnotes":""},"categories":[1],"tags":[],"class_list":["post-640","post","type-post","status-publish","format-standard","hentry","category-okategoriserad"],"_links":{"self":[{"href":"https:\/\/blogg.improveme.se\/jennijakobsson\/wp-json\/wp\/v2\/posts\/640","targetHints":{"allow":["GET"]}}],"collection":[{"href":"https:\/\/blogg.improveme.se\/jennijakobsson\/wp-json\/wp\/v2\/posts"}],"about":[{"href":"https:\/\/blogg.improveme.se\/jennijakobsson\/wp-json\/wp\/v2\/types\/post"}],"author":[{"embeddable":true,"href":"https:\/\/blogg.improveme.se\/jennijakobsson\/wp-json\/wp\/v2\/users\/5765"}],"replies":[{"embeddable":true,"href":"https:\/\/blogg.improveme.se\/jennijakobsson\/wp-json\/wp\/v2\/comments?post=640"}],"version-history":[{"count":0,"href":"https:\/\/blogg.improveme.se\/jennijakobsson\/wp-json\/wp\/v2\/posts\/640\/revisions"}],"wp:attachment":[{"href":"https:\/\/blogg.improveme.se\/jennijakobsson\/wp-json\/wp\/v2\/media?parent=640"}],"wp:term":[{"taxonomy":"category","embeddable":true,"href":"https:\/\/blogg.improveme.se\/jennijakobsson\/wp-json\/wp\/v2\/categories?post=640"},{"taxonomy":"post_tag","embeddable":true,"href":"https:\/\/blogg.improveme.se\/jennijakobsson\/wp-json\/wp\/v2\/tags?post=640"}],"curies":[{"name":"wp","href":"https:\/\/api.w.org\/{rel}","templated":true}]}}