{"id":665,"date":"2013-10-17T04:01:03","date_gmt":"2013-10-17T02:01:03","guid":{"rendered":"http:\/\/blogg.improveme.se\/jennijakobsson\/?p=665"},"modified":"2013-10-22T02:28:21","modified_gmt":"2013-10-22T00:28:21","slug":"missing-people-sweden","status":"publish","type":"post","link":"https:\/\/blogg.improveme.se\/jennijakobsson\/2013\/10\/17\/missing-people-sweden\/","title":{"rendered":"Missing People Sweden!"},"content":{"rendered":"<p>Kom nyss hem nu fr\u00e5n att ha varit ute sen klockan 00.00 \ud83d\ude1b var ute och s\u00f6kte med Missing People Sweden efter Joar fr\u00e5n Fj\u00e4r\u00e5s. han \u00e4r f\u00f6rsvunnen! Kan s\u00e4ga att de var ganska sk\u00f6nt att vara ute och g\u00e5, frisk luft, men sj\u00e4lva grejen vad vi gjorde var ju inte v\u00e4rldens roligaste.. leta efter en kille som \u00e4r f\u00f6rsvunnen, som kanske \u00e4r d\u00f6d? :\/ Men hoppas han lever! har ni sett honom ring polisen!!!<\/p>\n<p>Joar \u00e4r 17 \u00e5r, kommer fr\u00e5n Fj\u00e4r\u00e5s och \u00e4r 180 l\u00e5ng och v\u00e4ger ca 65.<\/p>\n<p><a href=\"http:\/\/blogg.improveme.se\/jennijakobsson\/files\/2013\/10\/1390608_657753307588303_965953678_n.jpg\"><img loading=\"lazy\" decoding=\"async\" class=\"aligncenter size-full wp-image-666\" src=\"http:\/\/blogg.improveme.se\/jennijakobsson\/files\/2013\/10\/1390608_657753307588303_965953678_n.jpg\" alt=\"\" width=\"773\" height=\"960\" srcset=\"https:\/\/blogg.improveme.se\/jennijakobsson\/files\/2013\/10\/1390608_657753307588303_965953678_n.jpg 773w, https:\/\/blogg.improveme.se\/jennijakobsson\/files\/2013\/10\/1390608_657753307588303_965953678_n-241x300.jpg 241w, https:\/\/blogg.improveme.se\/jennijakobsson\/files\/2013\/10\/1390608_657753307588303_965953678_n-547x680.jpg 547w\" sizes=\"auto, (max-width: 773px) 100vw, 773px\" \/><\/a><\/p>\n","protected":false},"excerpt":{"rendered":"<p>Kom nyss hem nu fr\u00e5n att ha varit ute sen klockan 00.00 \ud83d\ude1b var ute och s\u00f6kte med Missing People Sweden efter Joar fr\u00e5n Fj\u00e4r\u00e5s. han \u00e4r f\u00f6rsvunnen! Kan s\u00e4ga att de var ganska sk\u00f6nt att vara ute och g\u00e5, frisk luft, men sj\u00e4lva grejen vad vi gjorde var ju inte v\u00e4rldens roligaste.. leta efter &#8230; <a title=\"Missing People Sweden!\" class=\"read-more\" href=\"https:\/\/blogg.improveme.se\/jennijakobsson\/2013\/10\/17\/missing-people-sweden\/\" aria-label=\"L\u00e4s mer om Missing People Sweden!\">L\u00e4s mer<\/a><\/p>\n","protected":false},"author":5765,"featured_media":0,"comment_status":"open","ping_status":"open","sticky":false,"template":"","format":"standard","meta":{"footnotes":""},"categories":[1],"tags":[],"class_list":["post-665","post","type-post","status-publish","format-standard","hentry","category-okategoriserad"],"_links":{"self":[{"href":"https:\/\/blogg.improveme.se\/jennijakobsson\/wp-json\/wp\/v2\/posts\/665","targetHints":{"allow":["GET"]}}],"collection":[{"href":"https:\/\/blogg.improveme.se\/jennijakobsson\/wp-json\/wp\/v2\/posts"}],"about":[{"href":"https:\/\/blogg.improveme.se\/jennijakobsson\/wp-json\/wp\/v2\/types\/post"}],"author":[{"embeddable":true,"href":"https:\/\/blogg.improveme.se\/jennijakobsson\/wp-json\/wp\/v2\/users\/5765"}],"replies":[{"embeddable":true,"href":"https:\/\/blogg.improveme.se\/jennijakobsson\/wp-json\/wp\/v2\/comments?post=665"}],"version-history":[{"count":0,"href":"https:\/\/blogg.improveme.se\/jennijakobsson\/wp-json\/wp\/v2\/posts\/665\/revisions"}],"wp:attachment":[{"href":"https:\/\/blogg.improveme.se\/jennijakobsson\/wp-json\/wp\/v2\/media?parent=665"}],"wp:term":[{"taxonomy":"category","embeddable":true,"href":"https:\/\/blogg.improveme.se\/jennijakobsson\/wp-json\/wp\/v2\/categories?post=665"},{"taxonomy":"post_tag","embeddable":true,"href":"https:\/\/blogg.improveme.se\/jennijakobsson\/wp-json\/wp\/v2\/tags?post=665"}],"curies":[{"name":"wp","href":"https:\/\/api.w.org\/{rel}","templated":true}]}}