{"id":730,"date":"2013-10-27T19:31:23","date_gmt":"2013-10-27T18:31:23","guid":{"rendered":"http:\/\/blogg.improveme.se\/jennijakobsson\/?p=730"},"modified":"2013-10-28T21:58:16","modified_gmt":"2013-10-28T20:58:16","slug":"rest-of-the-day","status":"publish","type":"post","link":"https:\/\/blogg.improveme.se\/jennijakobsson\/2013\/10\/27\/rest-of-the-day\/","title":{"rendered":"Rest of the day"},"content":{"rendered":"<p>Har inte hunnit skriva, f\u00f6r Malin och Freija kom hit idag och ah vi fixade massa med Elise och fixa fot\/handavtryck p\u00e5 Elise. Det var svin sv\u00e5rt! hon var inte stilla och ville inte ha sina h\u00e4nder utstr\u00e4ckta.. men ah lite bra blev det i alla fall \ud83d\ude1b Man ser inte s\u00e5 mycket p\u00e5 bilden men i verkligheten \u00e4r det b\u00e4ttre och det \u00e4r det som r\u00e4knas:P<\/p>\n<p><a href=\"http:\/\/blogg.improveme.se\/jennijakobsson\/files\/2013\/10\/IMG_0297.jpg\"><img loading=\"lazy\" decoding=\"async\" class=\"aligncenter size-full wp-image-731\" title=\"IMG_0297\" src=\"http:\/\/blogg.improveme.se\/jennijakobsson\/files\/2013\/10\/IMG_0297.jpg\" alt=\"\" width=\"1536\" height=\"1024\" srcset=\"https:\/\/blogg.improveme.se\/jennijakobsson\/files\/2013\/10\/IMG_0297.jpg 1536w, https:\/\/blogg.improveme.se\/jennijakobsson\/files\/2013\/10\/IMG_0297-300x200.jpg 300w, https:\/\/blogg.improveme.se\/jennijakobsson\/files\/2013\/10\/IMG_0297-680x453.jpg 680w\" sizes=\"auto, (max-width: 1536px) 100vw, 1536px\" \/><\/a><\/p>\n<p><a href=\"http:\/\/blogg.improveme.se\/jennijakobsson\/files\/2013\/10\/IMG_02991.jpg\"><img loading=\"lazy\" decoding=\"async\" class=\"aligncenter size-full wp-image-732\" title=\"IMG_02991\" src=\"http:\/\/blogg.improveme.se\/jennijakobsson\/files\/2013\/10\/IMG_02991.jpg\" alt=\"\" width=\"1285\" height=\"1024\" srcset=\"https:\/\/blogg.improveme.se\/jennijakobsson\/files\/2013\/10\/IMG_02991.jpg 1285w, https:\/\/blogg.improveme.se\/jennijakobsson\/files\/2013\/10\/IMG_02991-300x239.jpg 300w, https:\/\/blogg.improveme.se\/jennijakobsson\/files\/2013\/10\/IMG_02991-680x541.jpg 680w\" sizes=\"auto, (max-width: 1285px) 100vw, 1285px\" \/><\/a><\/p>\n<p>&nbsp;<\/p>\n<p>Vi gjorde \u00e4ven ramar till dessa \ud83d\ude42 eller ah.. en till H\u00e5kans f\u00f6r\u00e4ldrar en till mina f\u00f6r\u00e4ldrar och ah en Malin kan ha hemma \ud83d\ude42 Freija gjorde den till H\u00e5kans f\u00f6r\u00e4ldrar en Rosa och jag gjorde min mamma och pappas tavla \ud83d\ude1b och Malins \u00e4r inte klar \u00e4n.. men snart \ud83d\ude42<\/p>\n<p>Freijas:<\/p>\n<p><a href=\"http:\/\/blogg.improveme.se\/jennijakobsson\/files\/2013\/10\/IMG_02961.jpg\"><img loading=\"lazy\" decoding=\"async\" class=\"aligncenter size-full wp-image-733\" title=\"IMG_02961\" src=\"http:\/\/blogg.improveme.se\/jennijakobsson\/files\/2013\/10\/IMG_02961.jpg\" alt=\"\" width=\"1536\" height=\"1024\" srcset=\"https:\/\/blogg.improveme.se\/jennijakobsson\/files\/2013\/10\/IMG_02961.jpg 1536w, https:\/\/blogg.improveme.se\/jennijakobsson\/files\/2013\/10\/IMG_02961-300x200.jpg 300w, https:\/\/blogg.improveme.se\/jennijakobsson\/files\/2013\/10\/IMG_02961-680x453.jpg 680w\" sizes=\"auto, (max-width: 1536px) 100vw, 1536px\" \/><\/a><\/p>\n<p>&nbsp;<\/p>\n<p>Och den jag gjorde \ud83d\ude42<\/p>\n<p><a href=\"http:\/\/blogg.improveme.se\/jennijakobsson\/files\/2013\/10\/IMG_02941.jpg\"><img loading=\"lazy\" decoding=\"async\" class=\"aligncenter size-full wp-image-734\" title=\"IMG_02941\" src=\"http:\/\/blogg.improveme.se\/jennijakobsson\/files\/2013\/10\/IMG_02941.jpg\" alt=\"\" width=\"1536\" height=\"1024\" srcset=\"https:\/\/blogg.improveme.se\/jennijakobsson\/files\/2013\/10\/IMG_02941.jpg 1536w, https:\/\/blogg.improveme.se\/jennijakobsson\/files\/2013\/10\/IMG_02941-300x200.jpg 300w, https:\/\/blogg.improveme.se\/jennijakobsson\/files\/2013\/10\/IMG_02941-680x453.jpg 680w\" sizes=\"auto, (max-width: 1536px) 100vw, 1536px\" \/><\/a><\/p>\n<p>&nbsp;<\/p>\n","protected":false},"excerpt":{"rendered":"<p>Har inte hunnit skriva, f\u00f6r Malin och Freija kom hit idag och ah vi fixade massa med Elise och fixa fot\/handavtryck p\u00e5 Elise. Det var svin sv\u00e5rt! hon var inte stilla och ville inte ha sina h\u00e4nder utstr\u00e4ckta.. men ah lite bra blev det i alla fall \ud83d\ude1b Man ser inte s\u00e5 mycket p\u00e5 bilden &#8230; <a title=\"Rest of the day\" class=\"read-more\" href=\"https:\/\/blogg.improveme.se\/jennijakobsson\/2013\/10\/27\/rest-of-the-day\/\" aria-label=\"L\u00e4s mer om Rest of the day\">L\u00e4s mer<\/a><\/p>\n","protected":false},"author":5765,"featured_media":0,"comment_status":"open","ping_status":"open","sticky":false,"template":"","format":"standard","meta":{"footnotes":""},"categories":[1],"tags":[],"class_list":["post-730","post","type-post","status-publish","format-standard","hentry","category-okategoriserad"],"_links":{"self":[{"href":"https:\/\/blogg.improveme.se\/jennijakobsson\/wp-json\/wp\/v2\/posts\/730","targetHints":{"allow":["GET"]}}],"collection":[{"href":"https:\/\/blogg.improveme.se\/jennijakobsson\/wp-json\/wp\/v2\/posts"}],"about":[{"href":"https:\/\/blogg.improveme.se\/jennijakobsson\/wp-json\/wp\/v2\/types\/post"}],"author":[{"embeddable":true,"href":"https:\/\/blogg.improveme.se\/jennijakobsson\/wp-json\/wp\/v2\/users\/5765"}],"replies":[{"embeddable":true,"href":"https:\/\/blogg.improveme.se\/jennijakobsson\/wp-json\/wp\/v2\/comments?post=730"}],"version-history":[{"count":0,"href":"https:\/\/blogg.improveme.se\/jennijakobsson\/wp-json\/wp\/v2\/posts\/730\/revisions"}],"wp:attachment":[{"href":"https:\/\/blogg.improveme.se\/jennijakobsson\/wp-json\/wp\/v2\/media?parent=730"}],"wp:term":[{"taxonomy":"category","embeddable":true,"href":"https:\/\/blogg.improveme.se\/jennijakobsson\/wp-json\/wp\/v2\/categories?post=730"},{"taxonomy":"post_tag","embeddable":true,"href":"https:\/\/blogg.improveme.se\/jennijakobsson\/wp-json\/wp\/v2\/tags?post=730"}],"curies":[{"name":"wp","href":"https:\/\/api.w.org\/{rel}","templated":true}]}}