{"id":749,"date":"2013-10-28T23:54:04","date_gmt":"2013-10-28T22:54:04","guid":{"rendered":"http:\/\/blogg.improveme.se\/jennijakobsson\/?p=749"},"modified":"2013-10-30T01:18:27","modified_gmt":"2013-10-30T00:18:27","slug":"vart-tog-stormen-vagen","status":"publish","type":"post","link":"https:\/\/blogg.improveme.se\/jennijakobsson\/2013\/10\/28\/vart-tog-stormen-vagen\/","title":{"rendered":"Vart tog stormen v\u00e4gen??"},"content":{"rendered":"<p>Jag tror ni t\u00e4nker likadant som mig, Vart tog stormen v\u00e4gen som skulle varit ig\u00e5r\/ under natten :P? H\u00e4r bl\u00e5ste det till 1 g\u00e5ng, men annars inget speciellt.. vafan h\u00e4r hade man bunkrat upp med godis, t\u00e4nda ljus, film och en go brasa!.. det \u00e4r faktiskt v\u00e4ldigt mysigt n\u00e4r det bl\u00e5ser ute och f\u00e5 sitta inne med allt det jag r\u00e4knade upp.. men neeeeej! knappt n\u00e5got bl\u00e5sande.. tror alla &#8221;v\u00e4der-m\u00e4nniskor&#8221; r\u00e4knade liiiite fel.. LITE..! Men ah satt \u00e4nd\u00e5 och myste framf\u00f6r tvn med mamma och pappa och k\u00e4kade mitt godis och matade p\u00e5 brasan och s\u00e5nt \ud83d\ude42 och nu \u00e4r klockan mycket och snart dags f\u00f6r ett program jag och mamma kollar p\u00e5 ofta och det \u00e4r Cheaters \ud83d\ude00 hehe..<\/p>\n<p><a href=\"http:\/\/blogg.improveme.se\/jennijakobsson\/files\/2013\/10\/IMG_2887.jpg\"><img loading=\"lazy\" decoding=\"async\" class=\"aligncenter size-full wp-image-750\" title=\"IMG_2887\" src=\"http:\/\/blogg.improveme.se\/jennijakobsson\/files\/2013\/10\/IMG_2887.jpg\" alt=\"\" width=\"682\" height=\"1024\" srcset=\"https:\/\/blogg.improveme.se\/jennijakobsson\/files\/2013\/10\/IMG_2887.jpg 682w, https:\/\/blogg.improveme.se\/jennijakobsson\/files\/2013\/10\/IMG_2887-199x300.jpg 199w, https:\/\/blogg.improveme.se\/jennijakobsson\/files\/2013\/10\/IMG_2887-452x680.jpg 452w\" sizes=\"auto, (max-width: 682px) 100vw, 682px\" \/><\/a><\/p>\n","protected":false},"excerpt":{"rendered":"<p>Jag tror ni t\u00e4nker likadant som mig, Vart tog stormen v\u00e4gen som skulle varit ig\u00e5r\/ under natten :P? H\u00e4r bl\u00e5ste det till 1 g\u00e5ng, men annars inget speciellt.. vafan h\u00e4r hade man bunkrat upp med godis, t\u00e4nda ljus, film och en go brasa!.. det \u00e4r faktiskt v\u00e4ldigt mysigt n\u00e4r det bl\u00e5ser ute och f\u00e5 sitta &#8230; <a title=\"Vart tog stormen v\u00e4gen??\" class=\"read-more\" href=\"https:\/\/blogg.improveme.se\/jennijakobsson\/2013\/10\/28\/vart-tog-stormen-vagen\/\" aria-label=\"L\u00e4s mer om Vart tog stormen v\u00e4gen??\">L\u00e4s mer<\/a><\/p>\n","protected":false},"author":5765,"featured_media":0,"comment_status":"open","ping_status":"open","sticky":false,"template":"","format":"standard","meta":{"footnotes":""},"categories":[1],"tags":[],"class_list":["post-749","post","type-post","status-publish","format-standard","hentry","category-okategoriserad"],"_links":{"self":[{"href":"https:\/\/blogg.improveme.se\/jennijakobsson\/wp-json\/wp\/v2\/posts\/749","targetHints":{"allow":["GET"]}}],"collection":[{"href":"https:\/\/blogg.improveme.se\/jennijakobsson\/wp-json\/wp\/v2\/posts"}],"about":[{"href":"https:\/\/blogg.improveme.se\/jennijakobsson\/wp-json\/wp\/v2\/types\/post"}],"author":[{"embeddable":true,"href":"https:\/\/blogg.improveme.se\/jennijakobsson\/wp-json\/wp\/v2\/users\/5765"}],"replies":[{"embeddable":true,"href":"https:\/\/blogg.improveme.se\/jennijakobsson\/wp-json\/wp\/v2\/comments?post=749"}],"version-history":[{"count":0,"href":"https:\/\/blogg.improveme.se\/jennijakobsson\/wp-json\/wp\/v2\/posts\/749\/revisions"}],"wp:attachment":[{"href":"https:\/\/blogg.improveme.se\/jennijakobsson\/wp-json\/wp\/v2\/media?parent=749"}],"wp:term":[{"taxonomy":"category","embeddable":true,"href":"https:\/\/blogg.improveme.se\/jennijakobsson\/wp-json\/wp\/v2\/categories?post=749"},{"taxonomy":"post_tag","embeddable":true,"href":"https:\/\/blogg.improveme.se\/jennijakobsson\/wp-json\/wp\/v2\/tags?post=749"}],"curies":[{"name":"wp","href":"https:\/\/api.w.org\/{rel}","templated":true}]}}