{"id":783,"date":"2013-11-02T23:56:42","date_gmt":"2013-11-02T22:56:42","guid":{"rendered":"http:\/\/blogg.improveme.se\/jennijakobsson\/?p=783"},"modified":"2013-11-04T10:57:19","modified_gmt":"2013-11-04T09:57:19","slug":"2-november","status":"publish","type":"post","link":"https:\/\/blogg.improveme.se\/jennijakobsson\/2013\/11\/02\/2-november\/","title":{"rendered":"2 November"},"content":{"rendered":"<p>Idag har det v\u00e4l inte h\u00e4nt j\u00e4tte mycket? Sk\u00f6nast var nog att jag vakna sj\u00e4lvmant vid 7 tiden och ah kunde inte somna om \ud83d\ude1b k\u00e4ndes bra att vakna s\u00e5 tidigt. Blev bra frukost och sen var de bara att sl\u00e4nga p\u00e5 sig kl\u00e4der och fixa sig s\u00e5 man var klar till att \u00e5ka \ud83d\ude1b vi hade samling vid 12.30 i Valldahallen, match idag igen fast idag stog Sophie sj\u00e4lv, f\u00f6r det var tydligen &#8221;hennes match&#8221; sa v\u00e5ran tr\u00e4nare d\u00e5:P ingen aning vad han mena med det men jaja \ud83d\ude42 jag satt och heja p\u00e5! \ud83d\ude42 Men vi f\u00f6rlora med 4-5 fast det var \u00e4nd\u00e5 bra spelat tkr jag av alla! Efter matchen \u00e5kte jag hem snabbt och dumpa mina innebandy kl\u00e4der och sen hem till Viktor igen. Vi gjorde inte s\u00e5 mycket direkt.. kolla tv och s\u00e5nt? Men sen konstigt nog s\u00e5 tok d\u00e4cka jag.. :S vet inte riktigt varf\u00f6r.. m\u00e5dde svin kasst.. Men gick upp senare f\u00f6r att k\u00e4ka middag \u00e4ven om det tog emot att g\u00e5 upp.. k\u00e4nde mig som spagetti :S men det var en god middag och efter middagen gick jag upp igen och somna om xD.. fatta inte varf\u00f6r.. och sen vid 11 tiden n\u00e4r jag vakna till igen s\u00e5 gick jag upp och fixa mig riktigt f\u00f6r s\u00e4ngen och gick och la mig igen lika tr\u00f6tt och somnade \ud83d\ude1b j\u00e4tte skumt..<\/p>\n","protected":false},"excerpt":{"rendered":"<p>Idag har det v\u00e4l inte h\u00e4nt j\u00e4tte mycket? Sk\u00f6nast var nog att jag vakna sj\u00e4lvmant vid 7 tiden och ah kunde inte somna om \ud83d\ude1b k\u00e4ndes bra att vakna s\u00e5 tidigt. Blev bra frukost och sen var de bara att sl\u00e4nga p\u00e5 sig kl\u00e4der och fixa sig s\u00e5 man var klar till att \u00e5ka \ud83d\ude1b &#8230; <a title=\"2 November\" class=\"read-more\" href=\"https:\/\/blogg.improveme.se\/jennijakobsson\/2013\/11\/02\/2-november\/\" aria-label=\"L\u00e4s mer om 2 November\">L\u00e4s mer<\/a><\/p>\n","protected":false},"author":5765,"featured_media":0,"comment_status":"open","ping_status":"open","sticky":false,"template":"","format":"standard","meta":{"footnotes":""},"categories":[1],"tags":[],"class_list":["post-783","post","type-post","status-publish","format-standard","hentry","category-okategoriserad"],"_links":{"self":[{"href":"https:\/\/blogg.improveme.se\/jennijakobsson\/wp-json\/wp\/v2\/posts\/783","targetHints":{"allow":["GET"]}}],"collection":[{"href":"https:\/\/blogg.improveme.se\/jennijakobsson\/wp-json\/wp\/v2\/posts"}],"about":[{"href":"https:\/\/blogg.improveme.se\/jennijakobsson\/wp-json\/wp\/v2\/types\/post"}],"author":[{"embeddable":true,"href":"https:\/\/blogg.improveme.se\/jennijakobsson\/wp-json\/wp\/v2\/users\/5765"}],"replies":[{"embeddable":true,"href":"https:\/\/blogg.improveme.se\/jennijakobsson\/wp-json\/wp\/v2\/comments?post=783"}],"version-history":[{"count":0,"href":"https:\/\/blogg.improveme.se\/jennijakobsson\/wp-json\/wp\/v2\/posts\/783\/revisions"}],"wp:attachment":[{"href":"https:\/\/blogg.improveme.se\/jennijakobsson\/wp-json\/wp\/v2\/media?parent=783"}],"wp:term":[{"taxonomy":"category","embeddable":true,"href":"https:\/\/blogg.improveme.se\/jennijakobsson\/wp-json\/wp\/v2\/categories?post=783"},{"taxonomy":"post_tag","embeddable":true,"href":"https:\/\/blogg.improveme.se\/jennijakobsson\/wp-json\/wp\/v2\/tags?post=783"}],"curies":[{"name":"wp","href":"https:\/\/api.w.org\/{rel}","templated":true}]}}