{"id":795,"date":"2013-11-05T09:43:32","date_gmt":"2013-11-05T08:43:32","guid":{"rendered":"http:\/\/blogg.improveme.se\/jennijakobsson\/?p=795"},"modified":"2013-11-05T10:04:13","modified_gmt":"2013-11-05T09:04:13","slug":"det-ar-inte-latt-nar-det-ar-svart","status":"publish","type":"post","link":"https:\/\/blogg.improveme.se\/jennijakobsson\/2013\/11\/05\/det-ar-inte-latt-nar-det-ar-svart\/","title":{"rendered":"Det \u00e4r inte l\u00e4tt n\u00e4r det \u00e4r sv\u00e5rt"},"content":{"rendered":"<p>F\u00f6rl\u00e5t att jag inte skrev mer ig\u00e5r.. men ah.. Efter l\u00e4karbes\u00f6ket (som gick j\u00e4tte bra) s\u00e5 \u00e5kte jag med mamma till Sisj\u00f6n f\u00f6r att kolla ett jobb \ud83d\ude42 Sen n\u00e4r vi stannat p\u00e5 n\u00e5gra st\u00e4llen p\u00e5 v\u00e4gen hem s\u00e5 kom vi hem tillslut och vet inte varf\u00f6r men jag var s\u00e5 tr\u00f6tt p\u00e5 n\u00e5got konstigt s\u00e4tt.. kunde inte h\u00e5lla mig vaken :S och d\u00e5 gick jag \u00e4nd\u00e5 och la mig 11 ig\u00e5r och sov \u00e4nd\u00e5 mycket under dagen innan :S S\u00e5 fattar inte varf\u00f6r jag var s\u00e5 tr\u00f6tt.. men n\u00e4r vi kom hem som sagt s\u00e5 la jag mig i s\u00e4ngen och kolla tv f\u00f6r att inte somna. Sen var det dags f\u00f6r middag och d\u00e5 m\u00e5dde jag v\u00e4rre.. hade f\u00e5tt ont i ryggen ocks\u00e5, men det \u00e4r inte s\u00e5 konstigt med tanke p\u00e5 att under l\u00e4karbes\u00f6ket s\u00e5 var dom och tryckte p\u00e5 min rygg v\u00e4ldigt mycket.. s\u00e5 det blev ingen tr\u00e4ning.. jag tog en l\u00e5ng dusch f\u00f6r jag brukar piggna till i duschen.. men nej, nej.. inte alls.. :S s\u00e5 de blev att fixa sig f\u00f6r s\u00e4ngen och jag l\u00e5g ett bra tag i s\u00e4ngen och k\u00e4nde att de var f\u00f6r tidigt att somna.. men somnade sen vid 10 tiden och det \u00e4r ju helt okej \ud83d\ude42<\/p>\n<p>L\u00e4karbes\u00f6ket gick j\u00e4tte bra som sagt dom kolla min rygg och kom fram till att det kan h\u00e4nda att jag har lite sne ryggrad eller har diskbr\u00e5ck eller kotf\u00f6rskjutning, dom ska r\u00f6ntga mig med magnetr\u00f6ntgen och kolla vad det \u00e4r, vilket k\u00e4nns bra f\u00f6r d\u00e5 kan det \u00e5tg\u00e4rdas snart! \ud83d\ude42 och ska \u00e4ven p\u00e5 sjukgymnast om n\u00e5gon vecka eller s\u00e5 \ud83d\ude42 S\u00e5 ett bra l\u00e4karbes\u00f6k! \ud83d\ude00<\/p>\n<p>&nbsp;<\/p>\n<p>Har varit vaken i 2 timmar ungifer nu? vet inte riktigt vad jag ska g\u00f6ra idag.. men funderar p\u00e5 att g\u00e5 ut p\u00e5 en promenad eller n\u00e5got, det \u00e4r ju s\u00e5 fint v\u00e4der ute! \ud83d\ude42<\/p>\n","protected":false},"excerpt":{"rendered":"<p>F\u00f6rl\u00e5t att jag inte skrev mer ig\u00e5r.. men ah.. Efter l\u00e4karbes\u00f6ket (som gick j\u00e4tte bra) s\u00e5 \u00e5kte jag med mamma till Sisj\u00f6n f\u00f6r att kolla ett jobb \ud83d\ude42 Sen n\u00e4r vi stannat p\u00e5 n\u00e5gra st\u00e4llen p\u00e5 v\u00e4gen hem s\u00e5 kom vi hem tillslut och vet inte varf\u00f6r men jag var s\u00e5 tr\u00f6tt p\u00e5 n\u00e5got konstigt &#8230; <a title=\"Det \u00e4r inte l\u00e4tt n\u00e4r det \u00e4r sv\u00e5rt\" class=\"read-more\" href=\"https:\/\/blogg.improveme.se\/jennijakobsson\/2013\/11\/05\/det-ar-inte-latt-nar-det-ar-svart\/\" aria-label=\"L\u00e4s mer om Det \u00e4r inte l\u00e4tt n\u00e4r det \u00e4r sv\u00e5rt\">L\u00e4s mer<\/a><\/p>\n","protected":false},"author":5765,"featured_media":0,"comment_status":"open","ping_status":"open","sticky":false,"template":"","format":"standard","meta":{"footnotes":""},"categories":[1],"tags":[],"class_list":["post-795","post","type-post","status-publish","format-standard","hentry","category-okategoriserad"],"_links":{"self":[{"href":"https:\/\/blogg.improveme.se\/jennijakobsson\/wp-json\/wp\/v2\/posts\/795","targetHints":{"allow":["GET"]}}],"collection":[{"href":"https:\/\/blogg.improveme.se\/jennijakobsson\/wp-json\/wp\/v2\/posts"}],"about":[{"href":"https:\/\/blogg.improveme.se\/jennijakobsson\/wp-json\/wp\/v2\/types\/post"}],"author":[{"embeddable":true,"href":"https:\/\/blogg.improveme.se\/jennijakobsson\/wp-json\/wp\/v2\/users\/5765"}],"replies":[{"embeddable":true,"href":"https:\/\/blogg.improveme.se\/jennijakobsson\/wp-json\/wp\/v2\/comments?post=795"}],"version-history":[{"count":0,"href":"https:\/\/blogg.improveme.se\/jennijakobsson\/wp-json\/wp\/v2\/posts\/795\/revisions"}],"wp:attachment":[{"href":"https:\/\/blogg.improveme.se\/jennijakobsson\/wp-json\/wp\/v2\/media?parent=795"}],"wp:term":[{"taxonomy":"category","embeddable":true,"href":"https:\/\/blogg.improveme.se\/jennijakobsson\/wp-json\/wp\/v2\/categories?post=795"},{"taxonomy":"post_tag","embeddable":true,"href":"https:\/\/blogg.improveme.se\/jennijakobsson\/wp-json\/wp\/v2\/tags?post=795"}],"curies":[{"name":"wp","href":"https:\/\/api.w.org\/{rel}","templated":true}]}}