{"id":799,"date":"2013-11-05T19:30:54","date_gmt":"2013-11-05T18:30:54","guid":{"rendered":"http:\/\/blogg.improveme.se\/jennijakobsson\/?p=799"},"modified":"2013-11-05T20:10:27","modified_gmt":"2013-11-05T19:10:27","slug":"maste-vara-nagot-fel","status":"publish","type":"post","link":"https:\/\/blogg.improveme.se\/jennijakobsson\/2013\/11\/05\/maste-vara-nagot-fel\/","title":{"rendered":"M\u00e5ste vara n\u00e5got fel??"},"content":{"rendered":"<p>B\u00f6rjar undra om det \u00e4r n\u00e5got fel p\u00e5 mig?? jag \u00e4r tr\u00f6tt.. och har varit det sen vid 17?.. Har s\u00e5dan lust att g\u00e5 och l\u00e4gga mig f\u00f6r att sova.. men vill inte, k\u00e4nns f\u00f6r tidigt. \u00c4r det vanligt att vara tr\u00f6tt nu? jag g\u00e5r upp 7 eller 8 varje morgon men \u00e4r svin tr\u00f6tt sen ah.. vid 16, 17 tiden?.. \u00e4r inte det lite skumt? eller \u00e4r det normalt..? Ska b\u00f6rja g\u00f6ra mig i ordning och kanske sova vid 9 tiden i alla fall, l\u00e5ter b\u00e4ttre \ud83d\ude1b annars har jag inte gjort s\u00e5 mycket idag kanske d\u00e4rf\u00f6r jag \u00e4r seg och tr\u00f6tt.. Att jag inte r\u00f6rt p\u00e5 mig s\u00e5 mycket.. dags f\u00f6r promenader! Vill bara ha ett jobb s\u00e5 man kan starta sitt liv.. :\/ flytta hemifr\u00e5n och s\u00e5nt.. aja blir nog inga mer uppdateringar idag eftersom att jag snart kommer somna.. hehe \ud83d\ude1b<\/p>\n","protected":false},"excerpt":{"rendered":"<p>B\u00f6rjar undra om det \u00e4r n\u00e5got fel p\u00e5 mig?? jag \u00e4r tr\u00f6tt.. och har varit det sen vid 17?.. Har s\u00e5dan lust att g\u00e5 och l\u00e4gga mig f\u00f6r att sova.. men vill inte, k\u00e4nns f\u00f6r tidigt. \u00c4r det vanligt att vara tr\u00f6tt nu? jag g\u00e5r upp 7 eller 8 varje morgon men \u00e4r svin tr\u00f6tt &#8230; <a title=\"M\u00e5ste vara n\u00e5got fel??\" class=\"read-more\" href=\"https:\/\/blogg.improveme.se\/jennijakobsson\/2013\/11\/05\/maste-vara-nagot-fel\/\" aria-label=\"L\u00e4s mer om M\u00e5ste vara n\u00e5got fel??\">L\u00e4s mer<\/a><\/p>\n","protected":false},"author":5765,"featured_media":0,"comment_status":"open","ping_status":"open","sticky":false,"template":"","format":"standard","meta":{"footnotes":""},"categories":[1],"tags":[],"class_list":["post-799","post","type-post","status-publish","format-standard","hentry","category-okategoriserad"],"_links":{"self":[{"href":"https:\/\/blogg.improveme.se\/jennijakobsson\/wp-json\/wp\/v2\/posts\/799","targetHints":{"allow":["GET"]}}],"collection":[{"href":"https:\/\/blogg.improveme.se\/jennijakobsson\/wp-json\/wp\/v2\/posts"}],"about":[{"href":"https:\/\/blogg.improveme.se\/jennijakobsson\/wp-json\/wp\/v2\/types\/post"}],"author":[{"embeddable":true,"href":"https:\/\/blogg.improveme.se\/jennijakobsson\/wp-json\/wp\/v2\/users\/5765"}],"replies":[{"embeddable":true,"href":"https:\/\/blogg.improveme.se\/jennijakobsson\/wp-json\/wp\/v2\/comments?post=799"}],"version-history":[{"count":0,"href":"https:\/\/blogg.improveme.se\/jennijakobsson\/wp-json\/wp\/v2\/posts\/799\/revisions"}],"wp:attachment":[{"href":"https:\/\/blogg.improveme.se\/jennijakobsson\/wp-json\/wp\/v2\/media?parent=799"}],"wp:term":[{"taxonomy":"category","embeddable":true,"href":"https:\/\/blogg.improveme.se\/jennijakobsson\/wp-json\/wp\/v2\/categories?post=799"},{"taxonomy":"post_tag","embeddable":true,"href":"https:\/\/blogg.improveme.se\/jennijakobsson\/wp-json\/wp\/v2\/tags?post=799"}],"curies":[{"name":"wp","href":"https:\/\/api.w.org\/{rel}","templated":true}]}}