{"id":899,"date":"2013-11-21T15:14:31","date_gmt":"2013-11-21T14:14:31","guid":{"rendered":"http:\/\/blogg.improveme.se\/jennijakobsson\/?p=899"},"modified":"2013-11-21T15:14:31","modified_gmt":"2013-11-21T14:14:31","slug":"vill-men-vagar-inte","status":"publish","type":"post","link":"https:\/\/blogg.improveme.se\/jennijakobsson\/2013\/11\/21\/vill-men-vagar-inte\/","title":{"rendered":"Vill, men v\u00e5gar inte.."},"content":{"rendered":"<p>Vill s\u00e5 g\u00e4rna f\u00e4rga mitt h\u00e5r, men v\u00e5gar inte.. sista f\u00e4rgningen jag gjorde var blonda slingor och ah.. tappa 2\/3 av slingorna.. :S s\u00e5 v\u00e5gar inte riktigt.. r\u00e4dd att tappa allt mitt h\u00e5r.. :S Men vill s\u00e5 g\u00e4rna bli super blond igen.. eller testa p\u00e5 n\u00e5got v\u00e5gat.. s\u00e5 som m\u00f6rkr\u00f6tt h\u00e5r, eller rosa! \ud83d\ude00 haha inte f\u00f6r att jag skulle passa i de men det hade varit kul! \ud83d\ude1b<\/p>\n<p>(d\u00e5lig Photoshop bild)<\/p>\n<p style=\"text-align: center;\"><a href=\"http:\/\/blogg.improveme.se\/jennijakobsson\/files\/2013\/11\/IMG_02654.jpg\"><img loading=\"lazy\" decoding=\"async\" class=\"aligncenter  wp-image-900\" title=\"IMG_02654\" src=\"http:\/\/blogg.improveme.se\/jennijakobsson\/files\/2013\/11\/IMG_02654.jpg\" alt=\"\" width=\"524\" height=\"614\" srcset=\"https:\/\/blogg.improveme.se\/jennijakobsson\/files\/2013\/11\/IMG_02654.jpg 874w, https:\/\/blogg.improveme.se\/jennijakobsson\/files\/2013\/11\/IMG_02654-256x300.jpg 256w, https:\/\/blogg.improveme.se\/jennijakobsson\/files\/2013\/11\/IMG_02654-580x680.jpg 580w\" sizes=\"auto, (max-width: 524px) 100vw, 524px\" \/><\/a><\/p>\n","protected":false},"excerpt":{"rendered":"<p>Vill s\u00e5 g\u00e4rna f\u00e4rga mitt h\u00e5r, men v\u00e5gar inte.. sista f\u00e4rgningen jag gjorde var blonda slingor och ah.. tappa 2\/3 av slingorna.. :S s\u00e5 v\u00e5gar inte riktigt.. r\u00e4dd att tappa allt mitt h\u00e5r.. :S Men vill s\u00e5 g\u00e4rna bli super blond igen.. eller testa p\u00e5 n\u00e5got v\u00e5gat.. s\u00e5 som m\u00f6rkr\u00f6tt h\u00e5r, eller rosa! \ud83d\ude00 haha &#8230; <a title=\"Vill, men v\u00e5gar inte..\" class=\"read-more\" href=\"https:\/\/blogg.improveme.se\/jennijakobsson\/2013\/11\/21\/vill-men-vagar-inte\/\" aria-label=\"L\u00e4s mer om Vill, men v\u00e5gar inte..\">L\u00e4s mer<\/a><\/p>\n","protected":false},"author":5765,"featured_media":0,"comment_status":"open","ping_status":"open","sticky":false,"template":"","format":"standard","meta":{"footnotes":""},"categories":[1],"tags":[],"class_list":["post-899","post","type-post","status-publish","format-standard","hentry","category-okategoriserad"],"_links":{"self":[{"href":"https:\/\/blogg.improveme.se\/jennijakobsson\/wp-json\/wp\/v2\/posts\/899","targetHints":{"allow":["GET"]}}],"collection":[{"href":"https:\/\/blogg.improveme.se\/jennijakobsson\/wp-json\/wp\/v2\/posts"}],"about":[{"href":"https:\/\/blogg.improveme.se\/jennijakobsson\/wp-json\/wp\/v2\/types\/post"}],"author":[{"embeddable":true,"href":"https:\/\/blogg.improveme.se\/jennijakobsson\/wp-json\/wp\/v2\/users\/5765"}],"replies":[{"embeddable":true,"href":"https:\/\/blogg.improveme.se\/jennijakobsson\/wp-json\/wp\/v2\/comments?post=899"}],"version-history":[{"count":0,"href":"https:\/\/blogg.improveme.se\/jennijakobsson\/wp-json\/wp\/v2\/posts\/899\/revisions"}],"wp:attachment":[{"href":"https:\/\/blogg.improveme.se\/jennijakobsson\/wp-json\/wp\/v2\/media?parent=899"}],"wp:term":[{"taxonomy":"category","embeddable":true,"href":"https:\/\/blogg.improveme.se\/jennijakobsson\/wp-json\/wp\/v2\/categories?post=899"},{"taxonomy":"post_tag","embeddable":true,"href":"https:\/\/blogg.improveme.se\/jennijakobsson\/wp-json\/wp\/v2\/tags?post=899"}],"curies":[{"name":"wp","href":"https:\/\/api.w.org\/{rel}","templated":true}]}}