{"id":950,"date":"2013-11-29T22:24:38","date_gmt":"2013-11-29T21:24:38","guid":{"rendered":"http:\/\/blogg.improveme.se\/jennijakobsson\/?p=950"},"modified":"2013-12-17T03:42:03","modified_gmt":"2013-12-17T02:42:03","slug":"jul-pa-liseberg","status":"publish","type":"post","link":"https:\/\/blogg.improveme.se\/jennijakobsson\/2013\/11\/29\/jul-pa-liseberg\/","title":{"rendered":"Jul p\u00e5 Liseberg :)"},"content":{"rendered":"<p>N\u00e4r Viktor kom hem f\u00f6rut \u00e5kte vi iv\u00e4g till Liseberg \ud83d\ude42 f\u00f6rdelen att bo n\u00e4ra \ud83d\ude09 haha vi gick runt och spela p\u00e5 sm\u00e5 grejor mest och Viktor k\u00f6pte sig en j\u00e4tte Bulle xD! Vi \u00e5kte hem lite senare f\u00f6r det blev lite f\u00f6r kallt \ud83d\ude1b s\u00e5 nu hemma hos Viktor igen och vi ska v\u00e4l kolla n\u00e5gon film eller s\u00e5 \ud83d\ude42<\/p>\n<p><a href=\"http:\/\/blogg.improveme.se\/jennijakobsson\/files\/2013\/12\/1479427_10152441273801110_2006887172_n.jpg\"><img loading=\"lazy\" decoding=\"async\" class=\"aligncenter size-full wp-image-951\" title=\"1479427_10152441273801110_2006887172_n\" src=\"http:\/\/blogg.improveme.se\/jennijakobsson\/files\/2013\/12\/1479427_10152441273801110_2006887172_n.jpg\" alt=\"\" width=\"540\" height=\"960\" srcset=\"https:\/\/blogg.improveme.se\/jennijakobsson\/files\/2013\/12\/1479427_10152441273801110_2006887172_n.jpg 540w, https:\/\/blogg.improveme.se\/jennijakobsson\/files\/2013\/12\/1479427_10152441273801110_2006887172_n-168x300.jpg 168w, https:\/\/blogg.improveme.se\/jennijakobsson\/files\/2013\/12\/1479427_10152441273801110_2006887172_n-382x680.jpg 382w\" sizes=\"auto, (max-width: 540px) 100vw, 540px\" \/><\/a><\/p>\n","protected":false},"excerpt":{"rendered":"<p>N\u00e4r Viktor kom hem f\u00f6rut \u00e5kte vi iv\u00e4g till Liseberg \ud83d\ude42 f\u00f6rdelen att bo n\u00e4ra \ud83d\ude09 haha vi gick runt och spela p\u00e5 sm\u00e5 grejor mest och Viktor k\u00f6pte sig en j\u00e4tte Bulle xD! Vi \u00e5kte hem lite senare f\u00f6r det blev lite f\u00f6r kallt \ud83d\ude1b s\u00e5 nu hemma hos Viktor igen och vi ska &#8230; <a title=\"Jul p\u00e5 Liseberg :)\" class=\"read-more\" href=\"https:\/\/blogg.improveme.se\/jennijakobsson\/2013\/11\/29\/jul-pa-liseberg\/\" aria-label=\"L\u00e4s mer om Jul p\u00e5 Liseberg :)\">L\u00e4s mer<\/a><\/p>\n","protected":false},"author":5765,"featured_media":0,"comment_status":"open","ping_status":"open","sticky":false,"template":"","format":"standard","meta":{"footnotes":""},"categories":[1],"tags":[],"class_list":["post-950","post","type-post","status-publish","format-standard","hentry","category-okategoriserad"],"_links":{"self":[{"href":"https:\/\/blogg.improveme.se\/jennijakobsson\/wp-json\/wp\/v2\/posts\/950","targetHints":{"allow":["GET"]}}],"collection":[{"href":"https:\/\/blogg.improveme.se\/jennijakobsson\/wp-json\/wp\/v2\/posts"}],"about":[{"href":"https:\/\/blogg.improveme.se\/jennijakobsson\/wp-json\/wp\/v2\/types\/post"}],"author":[{"embeddable":true,"href":"https:\/\/blogg.improveme.se\/jennijakobsson\/wp-json\/wp\/v2\/users\/5765"}],"replies":[{"embeddable":true,"href":"https:\/\/blogg.improveme.se\/jennijakobsson\/wp-json\/wp\/v2\/comments?post=950"}],"version-history":[{"count":0,"href":"https:\/\/blogg.improveme.se\/jennijakobsson\/wp-json\/wp\/v2\/posts\/950\/revisions"}],"wp:attachment":[{"href":"https:\/\/blogg.improveme.se\/jennijakobsson\/wp-json\/wp\/v2\/media?parent=950"}],"wp:term":[{"taxonomy":"category","embeddable":true,"href":"https:\/\/blogg.improveme.se\/jennijakobsson\/wp-json\/wp\/v2\/categories?post=950"},{"taxonomy":"post_tag","embeddable":true,"href":"https:\/\/blogg.improveme.se\/jennijakobsson\/wp-json\/wp\/v2\/tags?post=950"}],"curies":[{"name":"wp","href":"https:\/\/api.w.org\/{rel}","templated":true}]}}