{"id":987,"date":"2013-12-05T21:04:15","date_gmt":"2013-12-05T20:04:15","guid":{"rendered":"http:\/\/blogg.improveme.se\/jennijakobsson\/?p=987"},"modified":"2013-12-17T03:45:43","modified_gmt":"2013-12-17T02:45:43","slug":"radd","status":"publish","type":"post","link":"https:\/\/blogg.improveme.se\/jennijakobsson\/2013\/12\/05\/radd\/","title":{"rendered":"R\u00c4DD!"},"content":{"rendered":"<p>Sitter h\u00e4r hemma och typ halv g\u00f6mmer mig.. \u00e4r svin r\u00e4dd kan jag s\u00e4ga er.. var inte l\u00e4ngesedan vi kom hem fr\u00e5n min syster det gick bra p\u00e5 v\u00e4gen upp \u00e4ven om det bl\u00e5ste j\u00e4tte mycket! :S precis n\u00e4r vi skulle \u00e5ka b\u00f6rja det sn\u00f6a j\u00e4tte mycket.. man kan v\u00e4l s\u00e4ga att det var sn\u00f6 storm ute?.. Man s\u00e5g knappt n\u00e5got fram\u00e5t n\u00e4r vi \u00e5kte p\u00e5 motorv\u00e4gen. och n\u00e4r vi kommit n\u00e4stan \u00e4nda hem s\u00e5 f\u00e5r vi en el ledning \u00f6ver bilen :S fatta vad jag blev r\u00e4dd eller :S det blixtrade som fan!.. Sen nu f\u00f6r n\u00e5gon minut sen bl\u00e5ste det till s\u00e5 h\u00e5rt att 3 tr\u00e4d v\u00e4lte, v\u00e5ran altan gick s\u00f6nder.. Allts\u00e5 vi har en inglasad altan p\u00e5 baksidan och d\u00f6rrarna\/f\u00f6nsterna lossande :S och v\u00e5ran grill ville inte st\u00e5 kvar heller.. och den \u00e4r stor och tung! :S Dumma stormen SVEN! :\/ och jag \u00e4r s\u00e5 r\u00e4dd att g\u00e5 och l\u00e4gga mig :\/ men m\u00e5ste g\u00f6ra det snart, innan str\u00f6mmen g\u00e5r, f\u00f6r d\u00e5 kommer jag verkligen inte kunna sova!.. :\/ s\u00e5 nu ska jag snabbt in och g\u00f6ra mig klar f\u00f6r s\u00e4ngen! :S<\/p>\n","protected":false},"excerpt":{"rendered":"<p>Sitter h\u00e4r hemma och typ halv g\u00f6mmer mig.. \u00e4r svin r\u00e4dd kan jag s\u00e4ga er.. var inte l\u00e4ngesedan vi kom hem fr\u00e5n min syster det gick bra p\u00e5 v\u00e4gen upp \u00e4ven om det bl\u00e5ste j\u00e4tte mycket! :S precis n\u00e4r vi skulle \u00e5ka b\u00f6rja det sn\u00f6a j\u00e4tte mycket.. man kan v\u00e4l s\u00e4ga att det var sn\u00f6 &#8230; <a title=\"R\u00c4DD!\" class=\"read-more\" href=\"https:\/\/blogg.improveme.se\/jennijakobsson\/2013\/12\/05\/radd\/\" aria-label=\"L\u00e4s mer om R\u00c4DD!\">L\u00e4s mer<\/a><\/p>\n","protected":false},"author":5765,"featured_media":0,"comment_status":"open","ping_status":"open","sticky":false,"template":"","format":"standard","meta":{"footnotes":""},"categories":[1],"tags":[],"class_list":["post-987","post","type-post","status-publish","format-standard","hentry","category-okategoriserad"],"_links":{"self":[{"href":"https:\/\/blogg.improveme.se\/jennijakobsson\/wp-json\/wp\/v2\/posts\/987","targetHints":{"allow":["GET"]}}],"collection":[{"href":"https:\/\/blogg.improveme.se\/jennijakobsson\/wp-json\/wp\/v2\/posts"}],"about":[{"href":"https:\/\/blogg.improveme.se\/jennijakobsson\/wp-json\/wp\/v2\/types\/post"}],"author":[{"embeddable":true,"href":"https:\/\/blogg.improveme.se\/jennijakobsson\/wp-json\/wp\/v2\/users\/5765"}],"replies":[{"embeddable":true,"href":"https:\/\/blogg.improveme.se\/jennijakobsson\/wp-json\/wp\/v2\/comments?post=987"}],"version-history":[{"count":0,"href":"https:\/\/blogg.improveme.se\/jennijakobsson\/wp-json\/wp\/v2\/posts\/987\/revisions"}],"wp:attachment":[{"href":"https:\/\/blogg.improveme.se\/jennijakobsson\/wp-json\/wp\/v2\/media?parent=987"}],"wp:term":[{"taxonomy":"category","embeddable":true,"href":"https:\/\/blogg.improveme.se\/jennijakobsson\/wp-json\/wp\/v2\/categories?post=987"},{"taxonomy":"post_tag","embeddable":true,"href":"https:\/\/blogg.improveme.se\/jennijakobsson\/wp-json\/wp\/v2\/tags?post=987"}],"curies":[{"name":"wp","href":"https:\/\/api.w.org\/{rel}","templated":true}]}}