{"id":1112,"date":"2012-08-25T16:26:59","date_gmt":"2012-08-25T14:26:59","guid":{"rendered":"http:\/\/blogg.improveme.se\/joannasundstrom\/?p=1112"},"modified":"2012-08-25T16:26:59","modified_gmt":"2012-08-25T14:26:59","slug":"brown-eyes","status":"publish","type":"post","link":"https:\/\/blogg.improveme.se\/joannasundstrom\/2012\/08\/25\/brown-eyes\/","title":{"rendered":"Brown Eyes"},"content":{"rendered":"<p><a href=\"http:\/\/blogg.improveme.se\/joannasundstrom\/files\/2012\/08\/DSCF2322.jpg\"><img loading=\"lazy\" decoding=\"async\" class=\"alignnone size-large wp-image-1113\" src=\"http:\/\/blogg.improveme.se\/joannasundstrom\/files\/2012\/08\/DSCF2322-1024x768.jpg\" alt=\"\" width=\"700\" height=\"525\" srcset=\"https:\/\/blogg.improveme.se\/joannasundstrom\/files\/2012\/08\/DSCF2322-1024x768.jpg 1024w, https:\/\/blogg.improveme.se\/joannasundstrom\/files\/2012\/08\/DSCF2322-300x225.jpg 300w\" sizes=\"auto, (max-width: 700px) 100vw, 700px\" \/><\/a><\/p>\n<p><a href=\"http:\/\/blogg.improveme.se\/joannasundstrom\/files\/2012\/08\/DSCF2323.jpg\"><img loading=\"lazy\" decoding=\"async\" class=\"alignnone size-large wp-image-1114\" src=\"http:\/\/blogg.improveme.se\/joannasundstrom\/files\/2012\/08\/DSCF2323-1024x768.jpg\" alt=\"\" width=\"700\" height=\"525\" srcset=\"https:\/\/blogg.improveme.se\/joannasundstrom\/files\/2012\/08\/DSCF2323-1024x768.jpg 1024w, https:\/\/blogg.improveme.se\/joannasundstrom\/files\/2012\/08\/DSCF2323-300x225.jpg 300w\" sizes=\"auto, (max-width: 700px) 100vw, 700px\" \/><\/a><\/p>\n<p><em>Hittade denna mascara fr\u00e5n Maxfactor inne p\u00e5 Kicks ig\u00e5r. Visste att det skulle lanseras i slutet av augusti och har s\u00e5klart varit sugen p\u00e5 att testa den. Det \u00e4r en mascara som skall framh\u00e4va den egna \u00f6gonf\u00e4rgen, och finns f\u00f6r bl\u00e5 \u00f6gon och bruna \u00f6gon. Tvivlar fortfarande p\u00e5 att det skulle funka men alltid kul att testa \ud83d\ude09\u00a0<\/em><\/p>\n","protected":false},"excerpt":{"rendered":"<p>Hittade denna mascara fr\u00e5n Maxfactor inne p\u00e5 Kicks ig\u00e5r. Visste att det skulle lanseras i slutet av augusti och har s\u00e5klart varit sugen p\u00e5 att testa den. Det \u00e4r en mascara som skall framh\u00e4va den egna \u00f6gonf\u00e4rgen, och finns f\u00f6r bl\u00e5 \u00f6gon och bruna \u00f6gon. Tvivlar fortfarande p\u00e5 att det skulle funka men alltid kul &#8230; <a title=\"Brown Eyes\" class=\"read-more\" href=\"https:\/\/blogg.improveme.se\/joannasundstrom\/2012\/08\/25\/brown-eyes\/\" aria-label=\"L\u00e4s mer om Brown Eyes\">L\u00e4s mer<\/a><\/p>\n","protected":false},"author":82,"featured_media":0,"comment_status":"open","ping_status":"open","sticky":false,"template":"","format":"standard","meta":{"footnotes":""},"categories":[9,3],"tags":[],"class_list":["post-1112","post","type-post","status-publish","format-standard","hentry","category-make-up","category-har-smink"],"_links":{"self":[{"href":"https:\/\/blogg.improveme.se\/joannasundstrom\/wp-json\/wp\/v2\/posts\/1112","targetHints":{"allow":["GET"]}}],"collection":[{"href":"https:\/\/blogg.improveme.se\/joannasundstrom\/wp-json\/wp\/v2\/posts"}],"about":[{"href":"https:\/\/blogg.improveme.se\/joannasundstrom\/wp-json\/wp\/v2\/types\/post"}],"author":[{"embeddable":true,"href":"https:\/\/blogg.improveme.se\/joannasundstrom\/wp-json\/wp\/v2\/users\/82"}],"replies":[{"embeddable":true,"href":"https:\/\/blogg.improveme.se\/joannasundstrom\/wp-json\/wp\/v2\/comments?post=1112"}],"version-history":[{"count":0,"href":"https:\/\/blogg.improveme.se\/joannasundstrom\/wp-json\/wp\/v2\/posts\/1112\/revisions"}],"wp:attachment":[{"href":"https:\/\/blogg.improveme.se\/joannasundstrom\/wp-json\/wp\/v2\/media?parent=1112"}],"wp:term":[{"taxonomy":"category","embeddable":true,"href":"https:\/\/blogg.improveme.se\/joannasundstrom\/wp-json\/wp\/v2\/categories?post=1112"},{"taxonomy":"post_tag","embeddable":true,"href":"https:\/\/blogg.improveme.se\/joannasundstrom\/wp-json\/wp\/v2\/tags?post=1112"}],"curies":[{"name":"wp","href":"https:\/\/api.w.org\/{rel}","templated":true}]}}