{"id":1116,"date":"2012-08-25T21:38:15","date_gmt":"2012-08-25T19:38:15","guid":{"rendered":"http:\/\/blogg.improveme.se\/joannasundstrom\/?p=1116"},"modified":"2012-08-25T21:38:15","modified_gmt":"2012-08-25T19:38:15","slug":"gel-nails","status":"publish","type":"post","link":"https:\/\/blogg.improveme.se\/joannasundstrom\/2012\/08\/25\/gel-nails\/","title":{"rendered":"Gel nails"},"content":{"rendered":"<p><a href=\"http:\/\/blogg.improveme.se\/joannasundstrom\/files\/2012\/08\/IMG_0233.jpg\"><img loading=\"lazy\" decoding=\"async\" class=\"alignnone size-full wp-image-1118\" src=\"http:\/\/blogg.improveme.se\/joannasundstrom\/files\/2012\/08\/IMG_0233.jpg\" alt=\"\" width=\"960\" height=\"720\" srcset=\"https:\/\/blogg.improveme.se\/joannasundstrom\/files\/2012\/08\/IMG_0233.jpg 960w, https:\/\/blogg.improveme.se\/joannasundstrom\/files\/2012\/08\/IMG_0233-300x225.jpg 300w\" sizes=\"auto, (max-width: 960px) 100vw, 960px\" \/><\/a><\/p>\n<p><a href=\"http:\/\/blogg.improveme.se\/joannasundstrom\/files\/2012\/08\/IMG_0232.jpg\"><img loading=\"lazy\" decoding=\"async\" class=\"alignnone size-large wp-image-1117\" src=\"http:\/\/blogg.improveme.se\/joannasundstrom\/files\/2012\/08\/IMG_0232-1024x1024.jpg\" alt=\"\" width=\"700\" height=\"700\" srcset=\"https:\/\/blogg.improveme.se\/joannasundstrom\/files\/2012\/08\/IMG_0232-1024x1024.jpg 1024w, https:\/\/blogg.improveme.se\/joannasundstrom\/files\/2012\/08\/IMG_0232-150x150.jpg 150w, https:\/\/blogg.improveme.se\/joannasundstrom\/files\/2012\/08\/IMG_0232-300x300.jpg 300w, https:\/\/blogg.improveme.se\/joannasundstrom\/files\/2012\/08\/IMG_0232.jpg 2048w\" sizes=\"auto, (max-width: 700px) 100vw, 700px\" \/><\/a><\/p>\n<p><em>F\u00f6r ett tag sedan best\u00e4llde jag hem ett kit f\u00f6r att g\u00f6ra gel UV naglar. Idag testade jag det och f\u00f6r att vara f\u00f6rsta g\u00e5ngen \u00e4r jag n\u00f6jd med resultatet. Det tog sin lilla tid men l\u00e4r ju h\u00e5lla ett bra tag \u00e5x\u00e5, och riktigt kul hobby!\u00a0<\/em><\/p>\n<p>&nbsp;<\/p>\n","protected":false},"excerpt":{"rendered":"<p>F\u00f6r ett tag sedan best\u00e4llde jag hem ett kit f\u00f6r att g\u00f6ra gel UV naglar. Idag testade jag det och f\u00f6r att vara f\u00f6rsta g\u00e5ngen \u00e4r jag n\u00f6jd med resultatet. Det tog sin lilla tid men l\u00e4r ju h\u00e5lla ett bra tag \u00e5x\u00e5, och riktigt kul hobby!\u00a0 &nbsp;<\/p>\n","protected":false},"author":82,"featured_media":0,"comment_status":"open","ping_status":"open","sticky":false,"template":"","format":"standard","meta":{"footnotes":""},"categories":[3],"tags":[],"class_list":["post-1116","post","type-post","status-publish","format-standard","hentry","category-har-smink"],"_links":{"self":[{"href":"https:\/\/blogg.improveme.se\/joannasundstrom\/wp-json\/wp\/v2\/posts\/1116","targetHints":{"allow":["GET"]}}],"collection":[{"href":"https:\/\/blogg.improveme.se\/joannasundstrom\/wp-json\/wp\/v2\/posts"}],"about":[{"href":"https:\/\/blogg.improveme.se\/joannasundstrom\/wp-json\/wp\/v2\/types\/post"}],"author":[{"embeddable":true,"href":"https:\/\/blogg.improveme.se\/joannasundstrom\/wp-json\/wp\/v2\/users\/82"}],"replies":[{"embeddable":true,"href":"https:\/\/blogg.improveme.se\/joannasundstrom\/wp-json\/wp\/v2\/comments?post=1116"}],"version-history":[{"count":0,"href":"https:\/\/blogg.improveme.se\/joannasundstrom\/wp-json\/wp\/v2\/posts\/1116\/revisions"}],"wp:attachment":[{"href":"https:\/\/blogg.improveme.se\/joannasundstrom\/wp-json\/wp\/v2\/media?parent=1116"}],"wp:term":[{"taxonomy":"category","embeddable":true,"href":"https:\/\/blogg.improveme.se\/joannasundstrom\/wp-json\/wp\/v2\/categories?post=1116"},{"taxonomy":"post_tag","embeddable":true,"href":"https:\/\/blogg.improveme.se\/joannasundstrom\/wp-json\/wp\/v2\/tags?post=1116"}],"curies":[{"name":"wp","href":"https:\/\/api.w.org\/{rel}","templated":true}]}}