{"id":117,"date":"2012-02-14T18:22:18","date_gmt":"2012-02-14T17:22:18","guid":{"rendered":"http:\/\/blogg.improveme.se\/joannasundstrom\/?p=117"},"modified":"2012-02-18T22:38:45","modified_gmt":"2012-02-18T21:38:45","slug":"en-dag-pa-stan","status":"publish","type":"post","link":"https:\/\/blogg.improveme.se\/joannasundstrom\/2012\/02\/14\/en-dag-pa-stan\/","title":{"rendered":"En dag p\u00e5 stan"},"content":{"rendered":"<p>Janina \u00e5kte in till stan en sv\u00e4ng idag och jag best\u00e4mde mig f\u00f6r att h\u00e4nga p\u00e5. Vi fikade och kikade i butiker. Efter\u00e5t blev det tr\u00e4ning i Botnia hallen innan vi \u00e5kte hem igen. Kul att g\u00f6ra n\u00e5got spontant ibland.<\/p>\n<p>Jag hittade bl.a en v\u00e5rfin tr\u00f6ja, visar upp senare.<\/p>\n<p>Och glad alla hj\u00e4rtans dag f\u00f6rresten!<\/p>\n<p><a href=\"http:\/\/blogg.improveme.se\/joannasundstrom\/files\/2012\/02\/201202142064.jpg\"><img loading=\"lazy\" decoding=\"async\" class=\"alignnone size-large wp-image-118\" src=\"http:\/\/blogg.improveme.se\/joannasundstrom\/files\/2012\/02\/201202142064-1024x768.jpg\" alt=\"\" width=\"700\" height=\"525\" srcset=\"https:\/\/blogg.improveme.se\/joannasundstrom\/files\/2012\/02\/201202142064-1024x768.jpg 1024w, https:\/\/blogg.improveme.se\/joannasundstrom\/files\/2012\/02\/201202142064-300x225.jpg 300w, https:\/\/blogg.improveme.se\/joannasundstrom\/files\/2012\/02\/201202142064.jpg 2048w\" sizes=\"auto, (max-width: 700px) 100vw, 700px\" \/><\/a><\/p>\n<p><em>En chailatte p\u00e5 Wayne&#8217;s Coffee innan vi \u00e5kte och tr\u00e4nade<\/em><\/p>\n<p>&nbsp;<\/p>\n","protected":false},"excerpt":{"rendered":"<p>Janina \u00e5kte in till stan en sv\u00e4ng idag och jag best\u00e4mde mig f\u00f6r att h\u00e4nga p\u00e5. Vi fikade och kikade i butiker. Efter\u00e5t blev det tr\u00e4ning i Botnia hallen innan vi \u00e5kte hem igen. Kul att g\u00f6ra n\u00e5got spontant ibland. Jag hittade bl.a en v\u00e5rfin tr\u00f6ja, visar upp senare. Och glad alla hj\u00e4rtans dag f\u00f6rresten! &#8230; <a title=\"En dag p\u00e5 stan\" class=\"read-more\" href=\"https:\/\/blogg.improveme.se\/joannasundstrom\/2012\/02\/14\/en-dag-pa-stan\/\" aria-label=\"L\u00e4s mer om En dag p\u00e5 stan\">L\u00e4s mer<\/a><\/p>\n","protected":false},"author":82,"featured_media":0,"comment_status":"open","ping_status":"open","sticky":false,"template":"","format":"standard","meta":{"footnotes":""},"categories":[6],"tags":[],"class_list":["post-117","post","type-post","status-publish","format-standard","hentry","category-allmant"],"_links":{"self":[{"href":"https:\/\/blogg.improveme.se\/joannasundstrom\/wp-json\/wp\/v2\/posts\/117","targetHints":{"allow":["GET"]}}],"collection":[{"href":"https:\/\/blogg.improveme.se\/joannasundstrom\/wp-json\/wp\/v2\/posts"}],"about":[{"href":"https:\/\/blogg.improveme.se\/joannasundstrom\/wp-json\/wp\/v2\/types\/post"}],"author":[{"embeddable":true,"href":"https:\/\/blogg.improveme.se\/joannasundstrom\/wp-json\/wp\/v2\/users\/82"}],"replies":[{"embeddable":true,"href":"https:\/\/blogg.improveme.se\/joannasundstrom\/wp-json\/wp\/v2\/comments?post=117"}],"version-history":[{"count":0,"href":"https:\/\/blogg.improveme.se\/joannasundstrom\/wp-json\/wp\/v2\/posts\/117\/revisions"}],"wp:attachment":[{"href":"https:\/\/blogg.improveme.se\/joannasundstrom\/wp-json\/wp\/v2\/media?parent=117"}],"wp:term":[{"taxonomy":"category","embeddable":true,"href":"https:\/\/blogg.improveme.se\/joannasundstrom\/wp-json\/wp\/v2\/categories?post=117"},{"taxonomy":"post_tag","embeddable":true,"href":"https:\/\/blogg.improveme.se\/joannasundstrom\/wp-json\/wp\/v2\/tags?post=117"}],"curies":[{"name":"wp","href":"https:\/\/api.w.org\/{rel}","templated":true}]}}