{"id":1197,"date":"2012-09-30T18:02:32","date_gmt":"2012-09-30T16:02:32","guid":{"rendered":"http:\/\/blogg.improveme.se\/joannasundstrom\/?p=1197"},"modified":"2012-09-30T18:02:32","modified_gmt":"2012-09-30T16:02:32","slug":"blondie","status":"publish","type":"post","link":"https:\/\/blogg.improveme.se\/joannasundstrom\/2012\/09\/30\/blondie\/","title":{"rendered":"Blondie"},"content":{"rendered":"<p><a href=\"http:\/\/blogg.improveme.se\/joannasundstrom\/files\/2012\/09\/IMG_0709.jpg\"><img loading=\"lazy\" decoding=\"async\" class=\"alignnone size-full wp-image-1198\" src=\"http:\/\/blogg.improveme.se\/joannasundstrom\/files\/2012\/09\/IMG_0709.jpg\" alt=\"\" width=\"480\" height=\"640\" srcset=\"https:\/\/blogg.improveme.se\/joannasundstrom\/files\/2012\/09\/IMG_0709.jpg 480w, https:\/\/blogg.improveme.se\/joannasundstrom\/files\/2012\/09\/IMG_0709-225x300.jpg 225w\" sizes=\"auto, (max-width: 480px) 100vw, 480px\" \/><\/a><\/p>\n<p><em>F\u00f6r er som inte sett bilden p\u00e5 min facebook! I fredags blev jag blond!! lite iallafall \ud83d\ude09 K\u00e4nner fortfarande inte igen mig n\u00e4r jag ser mig i spegeln, jag har ju alltid haft mitt j\u00e4ttem\u00f6rka h\u00e5r. Men det var dags f\u00f6r en f\u00f6r\u00e4ndring \ud83d\ude09<\/em><\/p>\n<p>&nbsp;<\/p>\n","protected":false},"excerpt":{"rendered":"<p>F\u00f6r er som inte sett bilden p\u00e5 min facebook! I fredags blev jag blond!! lite iallafall \ud83d\ude09 K\u00e4nner fortfarande inte igen mig n\u00e4r jag ser mig i spegeln, jag har ju alltid haft mitt j\u00e4ttem\u00f6rka h\u00e5r. Men det var dags f\u00f6r en f\u00f6r\u00e4ndring \ud83d\ude09 &nbsp;<\/p>\n","protected":false},"author":82,"featured_media":0,"comment_status":"open","ping_status":"open","sticky":false,"template":"","format":"standard","meta":{"footnotes":""},"categories":[6,10],"tags":[],"class_list":["post-1197","post","type-post","status-publish","format-standard","hentry","category-allmant","category-har"],"_links":{"self":[{"href":"https:\/\/blogg.improveme.se\/joannasundstrom\/wp-json\/wp\/v2\/posts\/1197","targetHints":{"allow":["GET"]}}],"collection":[{"href":"https:\/\/blogg.improveme.se\/joannasundstrom\/wp-json\/wp\/v2\/posts"}],"about":[{"href":"https:\/\/blogg.improveme.se\/joannasundstrom\/wp-json\/wp\/v2\/types\/post"}],"author":[{"embeddable":true,"href":"https:\/\/blogg.improveme.se\/joannasundstrom\/wp-json\/wp\/v2\/users\/82"}],"replies":[{"embeddable":true,"href":"https:\/\/blogg.improveme.se\/joannasundstrom\/wp-json\/wp\/v2\/comments?post=1197"}],"version-history":[{"count":0,"href":"https:\/\/blogg.improveme.se\/joannasundstrom\/wp-json\/wp\/v2\/posts\/1197\/revisions"}],"wp:attachment":[{"href":"https:\/\/blogg.improveme.se\/joannasundstrom\/wp-json\/wp\/v2\/media?parent=1197"}],"wp:term":[{"taxonomy":"category","embeddable":true,"href":"https:\/\/blogg.improveme.se\/joannasundstrom\/wp-json\/wp\/v2\/categories?post=1197"},{"taxonomy":"post_tag","embeddable":true,"href":"https:\/\/blogg.improveme.se\/joannasundstrom\/wp-json\/wp\/v2\/tags?post=1197"}],"curies":[{"name":"wp","href":"https:\/\/api.w.org\/{rel}","templated":true}]}}