{"id":1695,"date":"2014-05-04T14:37:08","date_gmt":"2014-05-04T12:37:08","guid":{"rendered":"http:\/\/blogg.improveme.se\/joannasundstrom\/?p=1695"},"modified":"2014-05-04T14:37:08","modified_gmt":"2014-05-04T12:37:08","slug":"protein-hair-mask-diy","status":"publish","type":"post","link":"https:\/\/blogg.improveme.se\/joannasundstrom\/2014\/05\/04\/protein-hair-mask-diy\/","title":{"rendered":"Protein hair mask DIY"},"content":{"rendered":"<p style=\"text-align: center\"><a href=\"http:\/\/blogg.improveme.se\/joannasundstrom\/files\/2014\/05\/IMG_9121.jpg\"><img loading=\"lazy\" decoding=\"async\" class=\"size-full wp-image-1696 aligncenter\" alt=\"IMG_9121\" src=\"http:\/\/blogg.improveme.se\/joannasundstrom\/files\/2014\/05\/IMG_9121.jpg\" width=\"640\" height=\"640\" srcset=\"https:\/\/blogg.improveme.se\/joannasundstrom\/files\/2014\/05\/IMG_9121.jpg 640w, https:\/\/blogg.improveme.se\/joannasundstrom\/files\/2014\/05\/IMG_9121-150x150.jpg 150w, https:\/\/blogg.improveme.se\/joannasundstrom\/files\/2014\/05\/IMG_9121-300x300.jpg 300w\" sizes=\"auto, (max-width: 640px) 100vw, 640px\" \/><\/a><\/p>\n<p style=\"text-align: center\">\n<p>&nbsp;<\/p>\n<p><em>S\u00f6ndag = H\u00e5rinpacknings dag f\u00f6r mig. Brukar k\u00f6ra p\u00e5 lite olika men brukar \u00e4nd\u00e5 se till att tillf\u00f6ra protein till h\u00e5ret nu som d\u00e5. Jag skall tipsa er om den h\u00e4r h\u00e5rinpackningen som du kan g\u00f6ra hemma helt sj\u00e4lv. Vad som beh\u00f6vs ser ni p\u00e5 bilden, anv\u00e4nde en hel avocado, banan och ett \u00e4gg, men det r\u00e4ckte gott och v\u00e4l till b\u00e5de mitt och mammas hela h\u00e5r, s\u00e5 om ni inte har j\u00e4ttetjockt och fluffigt h\u00e5r s\u00e5 kan ni halvera satsen, resten har jag bara h\u00e4llt i p\u00e5 m\u00e5f\u00e5. \u00a0( b\u00e4st resultat blir det om du anv\u00e4nder mixer, g\u00e5r ocks\u00e5 att blanda med gaffel )<\/em><\/p>\n<p><em>Blev inspirerad av Alba Ramos, ni hittar henne p\u00e5 youtube som sunkissalba. J\u00e4ttebra kanal! =)<\/em><\/p>\n<p><em>Brukar alltid ha i min h\u00e5rinpackning\u00a0<span style=\"text-decoration: underline\">minst<\/span> 1 timme, men helst 2-3 innan jag sk\u00f6ljer ur med antingen bara balsam eller shampo och balsam.<\/em><\/p>\n<p><em>Kram<\/em><\/p>\n","protected":false},"excerpt":{"rendered":"<p>&nbsp; S\u00f6ndag = H\u00e5rinpacknings dag f\u00f6r mig. Brukar k\u00f6ra p\u00e5 lite olika men brukar \u00e4nd\u00e5 se till att tillf\u00f6ra protein till h\u00e5ret nu som d\u00e5. Jag skall tipsa er om den h\u00e4r h\u00e5rinpackningen som du kan g\u00f6ra hemma helt sj\u00e4lv. Vad som beh\u00f6vs ser ni p\u00e5 bilden, anv\u00e4nde en hel avocado, banan och ett \u00e4gg, &#8230; <a title=\"Protein hair mask DIY\" class=\"read-more\" href=\"https:\/\/blogg.improveme.se\/joannasundstrom\/2014\/05\/04\/protein-hair-mask-diy\/\" aria-label=\"L\u00e4s mer om Protein hair mask DIY\">L\u00e4s mer<\/a><\/p>\n","protected":false},"author":82,"featured_media":0,"comment_status":"open","ping_status":"open","sticky":false,"template":"","format":"standard","meta":{"footnotes":""},"categories":[10,3],"tags":[],"class_list":["post-1695","post","type-post","status-publish","format-standard","hentry","category-har","category-har-smink"],"_links":{"self":[{"href":"https:\/\/blogg.improveme.se\/joannasundstrom\/wp-json\/wp\/v2\/posts\/1695","targetHints":{"allow":["GET"]}}],"collection":[{"href":"https:\/\/blogg.improveme.se\/joannasundstrom\/wp-json\/wp\/v2\/posts"}],"about":[{"href":"https:\/\/blogg.improveme.se\/joannasundstrom\/wp-json\/wp\/v2\/types\/post"}],"author":[{"embeddable":true,"href":"https:\/\/blogg.improveme.se\/joannasundstrom\/wp-json\/wp\/v2\/users\/82"}],"replies":[{"embeddable":true,"href":"https:\/\/blogg.improveme.se\/joannasundstrom\/wp-json\/wp\/v2\/comments?post=1695"}],"version-history":[{"count":0,"href":"https:\/\/blogg.improveme.se\/joannasundstrom\/wp-json\/wp\/v2\/posts\/1695\/revisions"}],"wp:attachment":[{"href":"https:\/\/blogg.improveme.se\/joannasundstrom\/wp-json\/wp\/v2\/media?parent=1695"}],"wp:term":[{"taxonomy":"category","embeddable":true,"href":"https:\/\/blogg.improveme.se\/joannasundstrom\/wp-json\/wp\/v2\/categories?post=1695"},{"taxonomy":"post_tag","embeddable":true,"href":"https:\/\/blogg.improveme.se\/joannasundstrom\/wp-json\/wp\/v2\/tags?post=1695"}],"curies":[{"name":"wp","href":"https:\/\/api.w.org\/{rel}","templated":true}]}}