{"id":175,"date":"2012-02-19T18:53:18","date_gmt":"2012-02-19T17:53:18","guid":{"rendered":"http:\/\/blogg.improveme.se\/joannasundstrom\/?p=175"},"modified":"2012-02-19T18:54:31","modified_gmt":"2012-02-19T17:54:31","slug":"doll-eye-black-bean","status":"publish","type":"post","link":"https:\/\/blogg.improveme.se\/joannasundstrom\/2012\/02\/19\/doll-eye-black-bean\/","title":{"rendered":"Doll eye &amp; black bean"},"content":{"rendered":"<p><em>F\u00f6r n\u00e5gon m\u00e5nad sedan best\u00e4llde jag hem mascaran Doll eye fr\u00e5n Nyx och jag gillar den verkligen.\u00a0Men eftersom den ger b\u00e5de volym och l\u00e4ngd tycker jag den passar b\u00e4st till fest. Jag anv\u00e4nder den allts\u00e5 inte till vardags d\u00e5 jag ist anv\u00e4nder define a lash fr\u00e5n maybelline.<\/em><\/p>\n<p><em>I fredags fick jag \u00e4ven hem kajalpennan Black bean ocks\u00e5 den fr\u00e5n Nyx. Jag har suktat l\u00e4nge efter denna men inte testat den \u00e4nn, s\u00e5 ska bli kul att se. Den \u00e4r n\u00e4mligen n\u00e5gon sorts blandning av kajal och \u00f6gonskugga, allts\u00e5 ganska mjuk. Jag skall testa den n\u00e4sta helg d\u00e5 det blir utg\u00e5ng med v\u00e4nnerna och sedan \u00e5terkommer jag med resultatet =)<\/em><\/p>\n<p><a href=\"http:\/\/blogg.improveme.se\/joannasundstrom\/files\/2012\/02\/DSCF9563.jpg\"><img loading=\"lazy\" decoding=\"async\" class=\"alignnone size-large wp-image-176\" src=\"http:\/\/blogg.improveme.se\/joannasundstrom\/files\/2012\/02\/DSCF9563-1024x768.jpg\" alt=\"\" width=\"700\" height=\"525\" srcset=\"https:\/\/blogg.improveme.se\/joannasundstrom\/files\/2012\/02\/DSCF9563-1024x768.jpg 1024w, https:\/\/blogg.improveme.se\/joannasundstrom\/files\/2012\/02\/DSCF9563-300x225.jpg 300w, https:\/\/blogg.improveme.se\/joannasundstrom\/files\/2012\/02\/DSCF9563.jpg 2000w\" sizes=\"auto, (max-width: 700px) 100vw, 700px\" \/><\/a><\/p>\n","protected":false},"excerpt":{"rendered":"<p>F\u00f6r n\u00e5gon m\u00e5nad sedan best\u00e4llde jag hem mascaran Doll eye fr\u00e5n Nyx och jag gillar den verkligen.\u00a0Men eftersom den ger b\u00e5de volym och l\u00e4ngd tycker jag den passar b\u00e4st till fest. Jag anv\u00e4nder den allts\u00e5 inte till vardags d\u00e5 jag ist anv\u00e4nder define a lash fr\u00e5n maybelline. I fredags fick jag \u00e4ven hem kajalpennan Black &#8230; <a title=\"Doll eye &amp; black bean\" class=\"read-more\" href=\"https:\/\/blogg.improveme.se\/joannasundstrom\/2012\/02\/19\/doll-eye-black-bean\/\" aria-label=\"L\u00e4s mer om Doll eye &amp; black bean\">L\u00e4s mer<\/a><\/p>\n","protected":false},"author":82,"featured_media":0,"comment_status":"open","ping_status":"open","sticky":false,"template":"","format":"standard","meta":{"footnotes":""},"categories":[9,3,11],"tags":[],"class_list":["post-175","post","type-post","status-publish","format-standard","hentry","category-make-up","category-har-smink","category-tips"],"_links":{"self":[{"href":"https:\/\/blogg.improveme.se\/joannasundstrom\/wp-json\/wp\/v2\/posts\/175","targetHints":{"allow":["GET"]}}],"collection":[{"href":"https:\/\/blogg.improveme.se\/joannasundstrom\/wp-json\/wp\/v2\/posts"}],"about":[{"href":"https:\/\/blogg.improveme.se\/joannasundstrom\/wp-json\/wp\/v2\/types\/post"}],"author":[{"embeddable":true,"href":"https:\/\/blogg.improveme.se\/joannasundstrom\/wp-json\/wp\/v2\/users\/82"}],"replies":[{"embeddable":true,"href":"https:\/\/blogg.improveme.se\/joannasundstrom\/wp-json\/wp\/v2\/comments?post=175"}],"version-history":[{"count":0,"href":"https:\/\/blogg.improveme.se\/joannasundstrom\/wp-json\/wp\/v2\/posts\/175\/revisions"}],"wp:attachment":[{"href":"https:\/\/blogg.improveme.se\/joannasundstrom\/wp-json\/wp\/v2\/media?parent=175"}],"wp:term":[{"taxonomy":"category","embeddable":true,"href":"https:\/\/blogg.improveme.se\/joannasundstrom\/wp-json\/wp\/v2\/categories?post=175"},{"taxonomy":"post_tag","embeddable":true,"href":"https:\/\/blogg.improveme.se\/joannasundstrom\/wp-json\/wp\/v2\/tags?post=175"}],"curies":[{"name":"wp","href":"https:\/\/api.w.org\/{rel}","templated":true}]}}