{"id":185,"date":"2012-02-23T20:59:43","date_gmt":"2012-02-23T19:59:43","guid":{"rendered":"http:\/\/blogg.improveme.se\/joannasundstrom\/?p=185"},"modified":"2012-02-23T21:02:50","modified_gmt":"2012-02-23T20:02:50","slug":"om-nagra-timmar","status":"publish","type":"post","link":"https:\/\/blogg.improveme.se\/joannasundstrom\/2012\/02\/23\/om-nagra-timmar\/","title":{"rendered":"Om n\u00e5gra timmar.."},"content":{"rendered":"<p><em>.. fyller jag 19! Haha jaa vad ska man s\u00e4ga jag k\u00e4nner mig redan gammal.\u00a0<\/em><\/p>\n<p><em>Min f\u00f6delsedag kommer iallafall firas p\u00e5 b\u00e4sta s\u00e4tt. Janina kommer hem fr\u00e5n Gran Canaria och det blir utg\u00e5ng med sm\u00e5kusinen Susanna. S\u00e5\u00e5 roligt kommer det bli \ud83d\ude42 Det blir alltid som galnast med henne haha.\u00a0<\/em><\/p>\n<p><em>\u00c4ven p\u00e5 l\u00f6rdag blir det utg\u00e5ng, d\u00e5 med Janina,Sanna och Marina, kanske n\u00e5gon till. Haha f\u00e5r se hur mycket jag orkar, var ju \u00e4ven ut i tisdags och ska p\u00e5 jobb halv 6 i morgon bitti. Men man \u00e4r bara ung en g\u00e5ng \ud83d\ude09<\/em><\/p>\n<p><em>Nu skall jag l\u00e4sa ett kapitel biologi innan jag l\u00e4gger mig, s\u00e5 godnatt p\u00e5 er &lt;3<\/em><\/p>\n<p><a href=\"http:\/\/blogg.improveme.se\/joannasundstrom\/files\/2012\/02\/aa.jpg\"><img loading=\"lazy\" decoding=\"async\" class=\"alignnone  wp-image-186\" src=\"http:\/\/blogg.improveme.se\/joannasundstrom\/files\/2012\/02\/aa.jpg\" alt=\"\" width=\"576\" height=\"432\" srcset=\"https:\/\/blogg.improveme.se\/joannasundstrom\/files\/2012\/02\/aa.jpg 640w, https:\/\/blogg.improveme.se\/joannasundstrom\/files\/2012\/02\/aa-300x225.jpg 300w\" sizes=\"auto, (max-width: 576px) 100vw, 576px\" \/><\/a><\/p>\n<p>&nbsp;<\/p>\n","protected":false},"excerpt":{"rendered":"<p>.. fyller jag 19! Haha jaa vad ska man s\u00e4ga jag k\u00e4nner mig redan gammal.\u00a0 Min f\u00f6delsedag kommer iallafall firas p\u00e5 b\u00e4sta s\u00e4tt. Janina kommer hem fr\u00e5n Gran Canaria och det blir utg\u00e5ng med sm\u00e5kusinen Susanna. S\u00e5\u00e5 roligt kommer det bli \ud83d\ude42 Det blir alltid som galnast med henne haha.\u00a0 \u00c4ven p\u00e5 l\u00f6rdag blir det &#8230; <a title=\"Om n\u00e5gra timmar..\" class=\"read-more\" href=\"https:\/\/blogg.improveme.se\/joannasundstrom\/2012\/02\/23\/om-nagra-timmar\/\" aria-label=\"L\u00e4s mer om Om n\u00e5gra timmar..\">L\u00e4s mer<\/a><\/p>\n","protected":false},"author":82,"featured_media":0,"comment_status":"open","ping_status":"open","sticky":false,"template":"","format":"standard","meta":{"footnotes":""},"categories":[6],"tags":[],"class_list":["post-185","post","type-post","status-publish","format-standard","hentry","category-allmant"],"_links":{"self":[{"href":"https:\/\/blogg.improveme.se\/joannasundstrom\/wp-json\/wp\/v2\/posts\/185","targetHints":{"allow":["GET"]}}],"collection":[{"href":"https:\/\/blogg.improveme.se\/joannasundstrom\/wp-json\/wp\/v2\/posts"}],"about":[{"href":"https:\/\/blogg.improveme.se\/joannasundstrom\/wp-json\/wp\/v2\/types\/post"}],"author":[{"embeddable":true,"href":"https:\/\/blogg.improveme.se\/joannasundstrom\/wp-json\/wp\/v2\/users\/82"}],"replies":[{"embeddable":true,"href":"https:\/\/blogg.improveme.se\/joannasundstrom\/wp-json\/wp\/v2\/comments?post=185"}],"version-history":[{"count":0,"href":"https:\/\/blogg.improveme.se\/joannasundstrom\/wp-json\/wp\/v2\/posts\/185\/revisions"}],"wp:attachment":[{"href":"https:\/\/blogg.improveme.se\/joannasundstrom\/wp-json\/wp\/v2\/media?parent=185"}],"wp:term":[{"taxonomy":"category","embeddable":true,"href":"https:\/\/blogg.improveme.se\/joannasundstrom\/wp-json\/wp\/v2\/categories?post=185"},{"taxonomy":"post_tag","embeddable":true,"href":"https:\/\/blogg.improveme.se\/joannasundstrom\/wp-json\/wp\/v2\/tags?post=185"}],"curies":[{"name":"wp","href":"https:\/\/api.w.org\/{rel}","templated":true}]}}