{"id":335,"date":"2012-03-26T17:34:12","date_gmt":"2012-03-26T16:34:12","guid":{"rendered":"http:\/\/blogg.improveme.se\/joannasundstrom\/?p=335"},"modified":"2012-03-26T17:34:12","modified_gmt":"2012-03-26T16:34:12","slug":"prep-prime","status":"publish","type":"post","link":"https:\/\/blogg.improveme.se\/joannasundstrom\/2012\/03\/26\/prep-prime\/","title":{"rendered":"Prep + Prime"},"content":{"rendered":"<p><a href=\"http:\/\/blogg.improveme.se\/joannasundstrom\/files\/2012\/03\/DSCF8706.jpg\"><img loading=\"lazy\" decoding=\"async\" class=\"alignnone size-large wp-image-336\" src=\"http:\/\/blogg.improveme.se\/joannasundstrom\/files\/2012\/03\/DSCF8706-1024x752.jpg\" alt=\"\" width=\"700\" height=\"514\" srcset=\"https:\/\/blogg.improveme.se\/joannasundstrom\/files\/2012\/03\/DSCF8706-1024x752.jpg 1024w, https:\/\/blogg.improveme.se\/joannasundstrom\/files\/2012\/03\/DSCF8706-300x220.jpg 300w\" sizes=\"auto, (max-width: 700px) 100vw, 700px\" \/><\/a><\/p>\n<p><a href=\"http:\/\/blogg.improveme.se\/joannasundstrom\/files\/2012\/03\/DSCF8702.jpg\"><img loading=\"lazy\" decoding=\"async\" class=\"alignnone size-large wp-image-337\" src=\"http:\/\/blogg.improveme.se\/joannasundstrom\/files\/2012\/03\/DSCF8702-1024x752.jpg\" alt=\"\" width=\"700\" height=\"514\" srcset=\"https:\/\/blogg.improveme.se\/joannasundstrom\/files\/2012\/03\/DSCF8702-1024x752.jpg 1024w, https:\/\/blogg.improveme.se\/joannasundstrom\/files\/2012\/03\/DSCF8702-300x220.jpg 300w\" sizes=\"auto, (max-width: 700px) 100vw, 700px\" \/><\/a><\/p>\n<p><em>Skrev om denna i min f\u00f6rra blogg men n\u00e4mner den igen eftersom den \u00e4r ett av mina b\u00e4ttre k\u00f6p. Det \u00e4r allts\u00e5 ett transparent puder som man kan anv\u00e4nda b\u00e5de som primer och f\u00f6r en matt finish. Perfekt om man redan satt foundation och concealer och inte vill l\u00e4gga p\u00e5 \u00e4nnu ett vanligt<\/em><em>\u00a0puder f\u00f6r mattheten, d\u00e5 det kan l\u00e4tt bli att se kakigt ut.<\/em><\/p>\n","protected":false},"excerpt":{"rendered":"<p>Skrev om denna i min f\u00f6rra blogg men n\u00e4mner den igen eftersom den \u00e4r ett av mina b\u00e4ttre k\u00f6p. Det \u00e4r allts\u00e5 ett transparent puder som man kan anv\u00e4nda b\u00e5de som primer och f\u00f6r en matt finish. Perfekt om man redan satt foundation och concealer och inte vill l\u00e4gga p\u00e5 \u00e4nnu ett vanligt\u00a0puder f\u00f6r mattheten, &#8230; <a title=\"Prep + Prime\" class=\"read-more\" href=\"https:\/\/blogg.improveme.se\/joannasundstrom\/2012\/03\/26\/prep-prime\/\" aria-label=\"L\u00e4s mer om Prep + Prime\">L\u00e4s mer<\/a><\/p>\n","protected":false},"author":82,"featured_media":0,"comment_status":"open","ping_status":"open","sticky":false,"template":"","format":"standard","meta":{"footnotes":""},"categories":[9,3,11],"tags":[],"class_list":["post-335","post","type-post","status-publish","format-standard","hentry","category-make-up","category-har-smink","category-tips"],"_links":{"self":[{"href":"https:\/\/blogg.improveme.se\/joannasundstrom\/wp-json\/wp\/v2\/posts\/335","targetHints":{"allow":["GET"]}}],"collection":[{"href":"https:\/\/blogg.improveme.se\/joannasundstrom\/wp-json\/wp\/v2\/posts"}],"about":[{"href":"https:\/\/blogg.improveme.se\/joannasundstrom\/wp-json\/wp\/v2\/types\/post"}],"author":[{"embeddable":true,"href":"https:\/\/blogg.improveme.se\/joannasundstrom\/wp-json\/wp\/v2\/users\/82"}],"replies":[{"embeddable":true,"href":"https:\/\/blogg.improveme.se\/joannasundstrom\/wp-json\/wp\/v2\/comments?post=335"}],"version-history":[{"count":0,"href":"https:\/\/blogg.improveme.se\/joannasundstrom\/wp-json\/wp\/v2\/posts\/335\/revisions"}],"wp:attachment":[{"href":"https:\/\/blogg.improveme.se\/joannasundstrom\/wp-json\/wp\/v2\/media?parent=335"}],"wp:term":[{"taxonomy":"category","embeddable":true,"href":"https:\/\/blogg.improveme.se\/joannasundstrom\/wp-json\/wp\/v2\/categories?post=335"},{"taxonomy":"post_tag","embeddable":true,"href":"https:\/\/blogg.improveme.se\/joannasundstrom\/wp-json\/wp\/v2\/tags?post=335"}],"curies":[{"name":"wp","href":"https:\/\/api.w.org\/{rel}","templated":true}]}}